{"id":965,"date":"2010-05-03T08:26:09","date_gmt":"2010-05-03T07:26:09","guid":{"rendered":"http:\/\/www.christianecuisine.com\/?p=965"},"modified":"2010-05-03T08:26:09","modified_gmt":"2010-05-03T07:26:09","slug":"salade-de-tomates-jaunes","status":"publish","type":"post","link":"https:\/\/www.christianecuisine.com\/?p=965","title":{"rendered":"SALADE DE TOMATES JAUNES"},"content":{"rendered":"<p><img loading=\"lazy\" decoding=\"async\" class=\"alignnone size-full wp-image-966\" title=\"salad\" src=\"https:\/\/www.christianecuisine.com\/wp-content\/uploads\/2010\/05\/salad.png\" alt=\"salad\" width=\"560\" height=\"1020\" srcset=\"https:\/\/www.christianecuisine.com\/wp-content\/uploads\/2010\/05\/salad.png 560w, https:\/\/www.christianecuisine.com\/wp-content\/uploads\/2010\/05\/salad-164x300.png 164w\" sizes=\"(max-width: 560px) 100vw, 560px\" \/><\/p>\n<blockquote><p>Tomates jaunes<\/p>\n<p>Persil plat<\/p>\n<p>Oignons blancs ( les choisir avec des feuilles bien vertes )<\/p>\n<p>Huile d&rsquo;olive<\/p>\n<p>Vinaigre de vin<\/p>\n<p>Sel et poivre<\/p><\/blockquote>\n<p>Laver les tomates et les couper en rondelles.<\/p>\n<p>Couper finement les oignons blancs et les ajouter aux tomates.<\/p>\n<p>Arroser avec une tr\u00e8s bonne huile d&rsquo;olive et un filet de vinaigre de vin.<\/p>\n<p>Parsemer de persil plat cisel\u00e9.<\/p>\n<p>Sel et poivre.<\/p>\n<p>Filmer et garder au frais jusqu&rsquo;au moment du repas.<\/p>\n<p>Ces tomates sont tr\u00e8s go\u00fbteuses et jolies en pr\u00e9sentation.<\/p>\n","protected":false},"excerpt":{"rendered":"<p>Tomates jaunes Persil plat Oignons blancs ( les choisir avec des feuilles bien vertes ) Huile d&rsquo;olive Vinaigre de vin Sel et poivre Laver les tomates et les couper en rondelles. Couper finement les oignons blancs et les ajouter aux tomates. Arroser avec une tr\u00e8s bonne huile d&rsquo;olive et un filet de vinaigre de vin. Parsemer de persil plat cisel\u00e9. Sel et poivre. Filmer et garder au frais jusqu&rsquo;au moment du repas. Ces tomates sont tr\u00e8s go\u00fbteuses et jolies en pr\u00e9sentation.<\/p>\n","protected":false},"author":1,"featured_media":0,"comment_status":"open","ping_status":"open","sticky":false,"template":"","format":"standard","meta":{"footnotes":""},"categories":[12,48],"tags":[765,5,14,4,15,20,39,34,19,770,769,53,21,35,38,40,36,6,37,763,764,22,28],"class_list":["post-965","post","type-post","status-publish","format-standard","hentry","category-entrees","category-legumes","tag-accompagnement","tag-blog-cuisine","tag-christiane","tag-christiane-cuisine","tag-cuisine","tag-dietetique","tag-elegant","tag-entree","tag-facile","tag-fruits","tag-legumes","tag-petits-legumes","tag-peu-chere","tag-plat","tag-plateau-tele","tag-rafraichissant","tag-recette-bistrot","tag-recettes","tag-repas-entre-amis","tag-salade","tag-sans-cuisson","tag-simple","tag-vinaigrette"],"_links":{"self":[{"href":"https:\/\/www.christianecuisine.com\/index.php?rest_route=\/wp\/v2\/posts\/965"}],"collection":[{"href":"https:\/\/www.christianecuisine.com\/index.php?rest_route=\/wp\/v2\/posts"}],"about":[{"href":"https:\/\/www.christianecuisine.com\/index.php?rest_route=\/wp\/v2\/types\/post"}],"author":[{"embeddable":true,"href":"https:\/\/www.christianecuisine.com\/index.php?rest_route=\/wp\/v2\/users\/1"}],"replies":[{"embeddable":true,"href":"https:\/\/www.christianecuisine.com\/index.php?rest_route=%2Fwp%2Fv2%2Fcomments&post=965"}],"version-history":[{"count":3,"href":"https:\/\/www.christianecuisine.com\/index.php?rest_route=\/wp\/v2\/posts\/965\/revisions"}],"predecessor-version":[{"id":969,"href":"https:\/\/www.christianecuisine.com\/index.php?rest_route=\/wp\/v2\/posts\/965\/revisions\/969"}],"wp:attachment":[{"href":"https:\/\/www.christianecuisine.com\/index.php?rest_route=%2Fwp%2Fv2%2Fmedia&parent=965"}],"wp:term":[{"taxonomy":"category","embeddable":true,"href":"https:\/\/www.christianecuisine.com\/index.php?rest_route=%2Fwp%2Fv2%2Fcategories&post=965"},{"taxonomy":"post_tag","embeddable":true,"href":"https:\/\/www.christianecuisine.com\/index.php?rest_route=%2Fwp%2Fv2%2Ftags&post=965"}],"curies":[{"name":"wp","href":"https:\/\/api.w.org\/{rel}","templated":true}]}}