{"id":875,"date":"2010-04-21T12:29:20","date_gmt":"2010-04-21T11:29:20","guid":{"rendered":"http:\/\/www.christianecuisine.com\/?p=875"},"modified":"2010-05-09T18:55:23","modified_gmt":"2010-05-09T17:55:23","slug":"les-cafes-gourmands","status":"publish","type":"post","link":"https:\/\/www.christianecuisine.com\/?p=875","title":{"rendered":"LES CAFES GOURMANDS"},"content":{"rendered":"<p><img loading=\"lazy\" decoding=\"async\" class=\"alignnone size-full wp-image-876\" title=\"cafe1\" src=\"https:\/\/www.christianecuisine.com\/wp-content\/uploads\/2010\/04\/cafe1.png\" alt=\"cafe1\" width=\"560\" height=\"586\" srcset=\"https:\/\/www.christianecuisine.com\/wp-content\/uploads\/2010\/04\/cafe1.png 560w, https:\/\/www.christianecuisine.com\/wp-content\/uploads\/2010\/04\/cafe1-286x300.png 286w\" sizes=\"(max-width: 560px) 100vw, 560px\" \/><img loading=\"lazy\" decoding=\"async\" class=\"alignnone size-full wp-image-877\" title=\"cafe2\" src=\"https:\/\/www.christianecuisine.com\/wp-content\/uploads\/2010\/04\/cafe2.png\" alt=\"cafe2\" width=\"560\" height=\"586\" srcset=\"https:\/\/www.christianecuisine.com\/wp-content\/uploads\/2010\/04\/cafe2.png 560w, https:\/\/www.christianecuisine.com\/wp-content\/uploads\/2010\/04\/cafe2-286x300.png 286w\" sizes=\"(max-width: 560px) 100vw, 560px\" \/><\/p>\n<p>La recette pr\u00e9c\u00e9dente \u00e9tant peu calorique, nous pouvons nous permettre un petit caf\u00e9 gourmand \u00e0 la fin du repas.<\/p>\n<p>J&rsquo;ach\u00e8te chez mon marchand de primeurs au march\u00e9, de l&rsquo;ananas confit en petits d\u00e9s. D\u00e9licieux avant, pendant ou apr\u00e8s la d\u00e9gustation d&rsquo;un bon caf\u00e9&#8230;&#8230;..<\/p>\n<p>Je vous propose \u00e9galement des petits rochers \u00e0 la noix de coco, ( voir ma recette du 31 mars, rubrique: desserts ) qui accompagneront parfaitement le caf\u00e9.<\/p>\n<p>Je vous souhaite une bonne d\u00e9gustation&#8230;..<\/p>\n","protected":false},"excerpt":{"rendered":"<p>La recette pr\u00e9c\u00e9dente \u00e9tant peu calorique, nous pouvons nous permettre un petit caf\u00e9 gourmand \u00e0 la fin du repas. J&rsquo;ach\u00e8te chez mon marchand de primeurs au march\u00e9, de l&rsquo;ananas confit en petits d\u00e9s. D\u00e9licieux avant, pendant ou apr\u00e8s la d\u00e9gustation d&rsquo;un bon caf\u00e9&#8230;&#8230;.. Je vous propose \u00e9galement des petits rochers \u00e0 la noix de coco, ( voir ma recette du 31 mars, rubrique: desserts ) qui accompagneront parfaitement le caf\u00e9. Je vous souhaite une bonne d\u00e9gustation&#8230;..<\/p>\n","protected":false},"author":1,"featured_media":0,"comment_status":"open","ping_status":"open","sticky":false,"template":"","format":"standard","meta":{"footnotes":""},"categories":[41],"tags":[],"class_list":["post-875","post","type-post","status-publish","format-standard","hentry","category-dessert"],"_links":{"self":[{"href":"https:\/\/www.christianecuisine.com\/index.php?rest_route=\/wp\/v2\/posts\/875"}],"collection":[{"href":"https:\/\/www.christianecuisine.com\/index.php?rest_route=\/wp\/v2\/posts"}],"about":[{"href":"https:\/\/www.christianecuisine.com\/index.php?rest_route=\/wp\/v2\/types\/post"}],"author":[{"embeddable":true,"href":"https:\/\/www.christianecuisine.com\/index.php?rest_route=\/wp\/v2\/users\/1"}],"replies":[{"embeddable":true,"href":"https:\/\/www.christianecuisine.com\/index.php?rest_route=%2Fwp%2Fv2%2Fcomments&post=875"}],"version-history":[{"count":10,"href":"https:\/\/www.christianecuisine.com\/index.php?rest_route=\/wp\/v2\/posts\/875\/revisions"}],"predecessor-version":[{"id":1033,"href":"https:\/\/www.christianecuisine.com\/index.php?rest_route=\/wp\/v2\/posts\/875\/revisions\/1033"}],"wp:attachment":[{"href":"https:\/\/www.christianecuisine.com\/index.php?rest_route=%2Fwp%2Fv2%2Fmedia&parent=875"}],"wp:term":[{"taxonomy":"category","embeddable":true,"href":"https:\/\/www.christianecuisine.com\/index.php?rest_route=%2Fwp%2Fv2%2Fcategories&post=875"},{"taxonomy":"post_tag","embeddable":true,"href":"https:\/\/www.christianecuisine.com\/index.php?rest_route=%2Fwp%2Fv2%2Ftags&post=875"}],"curies":[{"name":"wp","href":"https:\/\/api.w.org\/{rel}","templated":true}]}}