{"id":835,"date":"2010-04-14T12:54:00","date_gmt":"2010-04-14T11:54:00","guid":{"rendered":"http:\/\/www.christianecuisine.com\/?p=835"},"modified":"2010-04-14T12:54:00","modified_gmt":"2010-04-14T11:54:00","slug":"potage-aux-fanes-de-radis","status":"publish","type":"post","link":"https:\/\/www.christianecuisine.com\/?p=835","title":{"rendered":"POTAGE AUX FANES DE RADIS"},"content":{"rendered":"<p><img loading=\"lazy\" decoding=\"async\" class=\"alignnone size-full wp-image-836\" title=\"radis\" src=\"https:\/\/www.christianecuisine.com\/wp-content\/uploads\/2010\/04\/radis.png\" alt=\"radis\" width=\"560\" height=\"1020\" srcset=\"https:\/\/www.christianecuisine.com\/wp-content\/uploads\/2010\/04\/radis.png 560w, https:\/\/www.christianecuisine.com\/wp-content\/uploads\/2010\/04\/radis-164x300.png 164w\" sizes=\"(max-width: 560px) 100vw, 560px\" \/><img loading=\"lazy\" decoding=\"async\" class=\"alignnone size-full wp-image-837\" title=\"radis2\" src=\"https:\/\/www.christianecuisine.com\/wp-content\/uploads\/2010\/04\/radis2.png\" alt=\"radis2\" width=\"560\" height=\"586\" srcset=\"https:\/\/www.christianecuisine.com\/wp-content\/uploads\/2010\/04\/radis2.png 560w, https:\/\/www.christianecuisine.com\/wp-content\/uploads\/2010\/04\/radis2-286x300.png 286w\" sizes=\"(max-width: 560px) 100vw, 560px\" \/><\/p>\n<blockquote><p>2 bottes de radis<\/p>\n<p>1 pomme de terre<\/p>\n<p>1 \u00e9chalote<\/p>\n<p>1\/2 bouillon cube de volaille<\/p>\n<p>Beurre<\/p>\n<p>Huile d&rsquo;olive<\/p>\n<p>Eau<\/p>\n<p>Sel et poivre<\/p>\n<p>Cr\u00e8me fra\u00eeche \u00e9paisse<\/p>\n<p>Tranches de lard ( tr\u00e8s finement coup\u00e9es )<\/p><\/blockquote>\n<p>Bien laver les fanes de radis et garder les radis pour une petite entr\u00e9e.<\/p>\n<p>Mettre quelques noisettes de beurre avec un filet \u00a0d&rsquo;huile d&rsquo;olive dans une cocotte, lorsque ce m\u00e9lange est chaud, ajouter l&rsquo;\u00e9chalote hach\u00e9e, \u00a0bien m\u00e9langer et surtout ne pas colorer.<\/p>\n<p>D\u00e9poser les fanes de radis et m\u00e9langer \u00e0 nouveau.<\/p>\n<p>Ajouter la pomme de terre coup\u00e9e en petits morceaux, couvrir \u00e0 hauteur avec de l&rsquo;eau froide en ajoutant le 1\/2 cube de bouillon de volaille \u00e9cras\u00e9.<\/p>\n<p>Cuire sur feu doux 20 \u00e0 25 minutes. ( bien v\u00e9rifier la cuisson de la pomme de terre )<\/p>\n<p>Mixer la soupe finement, ajouter le sel et le poivre.<\/p>\n<p>Battre la cr\u00e8me fra\u00eeche et juste au moment de servir, d\u00e9poser des quenelles de cr\u00e8me sur le potage.<\/p>\n<p>Ajouter un peu de poivre du moulin sur les quenelles et \u00e0 table&#8230;&#8230;..<\/p>\n<p>Pour les gourmands, de belles tranches fines de lard que l&rsquo;on fait griller dans une po\u00eale s\u00e8che ou au four&#8230;.<\/p>\n<p>C&rsquo;est tr\u00e8s tr\u00e8s bon&#8230; et si elles sont tr\u00e8s grill\u00e9es, on peut aussi faire une chapelure de lard.<\/p>\n<p>Parsemer cette chapelure sur les quenelles, c&rsquo;est superbe en bouche.<\/p>\n","protected":false},"excerpt":{"rendered":"<p>2 bottes de radis 1 pomme de terre 1 \u00e9chalote 1\/2 bouillon cube de volaille Beurre Huile d&rsquo;olive Eau Sel et poivre Cr\u00e8me fra\u00eeche \u00e9paisse Tranches de lard ( tr\u00e8s finement coup\u00e9es ) Bien laver les fanes de radis et garder les radis pour une petite entr\u00e9e. Mettre quelques noisettes de beurre avec un filet \u00a0d&rsquo;huile d&rsquo;olive dans une cocotte, lorsque ce m\u00e9lange est chaud, ajouter l&rsquo;\u00e9chalote hach\u00e9e, \u00a0bien m\u00e9langer et surtout ne pas colorer. D\u00e9poser les fanes de radis et m\u00e9langer \u00e0 nouveau. Ajouter la pomme de terre coup\u00e9e en petits morceaux, couvrir \u00e0 hauteur avec de l&rsquo;eau froide en ajoutant le 1\/2 cube de bouillon de volaille \u00e9cras\u00e9. Cuire sur feu doux 20 \u00e0 25 minutes. ( bien v\u00e9rifier la cuisson de la pomme de terre ) Mixer la soupe finement, ajouter le sel et le poivre. Battre la cr\u00e8me fra\u00eeche et juste au moment de servir, d\u00e9poser des quenelles de cr\u00e8me sur le potage. Ajouter un peu de poivre du moulin sur les quenelles et \u00e0 table&#8230;&#8230;.. Pour les gourmands, de belles tranches fines de lard que l&rsquo;on fait griller dans une po\u00eale s\u00e8che ou au four&#8230;. C&rsquo;est tr\u00e8s tr\u00e8s bon&#8230; et si elles sont tr\u00e8s grill\u00e9es, [&hellip;]<\/p>\n","protected":false},"author":1,"featured_media":0,"comment_status":"open","ping_status":"open","sticky":false,"template":"","format":"standard","meta":{"footnotes":""},"categories":[12,48,94],"tags":[5,14,4,15,47,20,39,34,19,769,53,21,35,38,51,36,6,37,22],"class_list":["post-835","post","type-post","status-publish","format-standard","hentry","category-entrees","category-legumes","category-potage","tag-blog-cuisine","tag-christiane","tag-christiane-cuisine","tag-cuisine","tag-cuisson-simple","tag-dietetique","tag-elegant","tag-entree","tag-facile","tag-legumes","tag-petits-legumes","tag-peu-chere","tag-plat","tag-plateau-tele","tag-pomme-de-terre","tag-recette-bistrot","tag-recettes","tag-repas-entre-amis","tag-simple"],"_links":{"self":[{"href":"https:\/\/www.christianecuisine.com\/index.php?rest_route=\/wp\/v2\/posts\/835"}],"collection":[{"href":"https:\/\/www.christianecuisine.com\/index.php?rest_route=\/wp\/v2\/posts"}],"about":[{"href":"https:\/\/www.christianecuisine.com\/index.php?rest_route=\/wp\/v2\/types\/post"}],"author":[{"embeddable":true,"href":"https:\/\/www.christianecuisine.com\/index.php?rest_route=\/wp\/v2\/users\/1"}],"replies":[{"embeddable":true,"href":"https:\/\/www.christianecuisine.com\/index.php?rest_route=%2Fwp%2Fv2%2Fcomments&post=835"}],"version-history":[{"count":6,"href":"https:\/\/www.christianecuisine.com\/index.php?rest_route=\/wp\/v2\/posts\/835\/revisions"}],"predecessor-version":[{"id":2645,"href":"https:\/\/www.christianecuisine.com\/index.php?rest_route=\/wp\/v2\/posts\/835\/revisions\/2645"}],"wp:attachment":[{"href":"https:\/\/www.christianecuisine.com\/index.php?rest_route=%2Fwp%2Fv2%2Fmedia&parent=835"}],"wp:term":[{"taxonomy":"category","embeddable":true,"href":"https:\/\/www.christianecuisine.com\/index.php?rest_route=%2Fwp%2Fv2%2Fcategories&post=835"},{"taxonomy":"post_tag","embeddable":true,"href":"https:\/\/www.christianecuisine.com\/index.php?rest_route=%2Fwp%2Fv2%2Ftags&post=835"}],"curies":[{"name":"wp","href":"https:\/\/api.w.org\/{rel}","templated":true}]}}