{"id":746,"date":"2010-03-29T18:30:00","date_gmt":"2010-03-29T17:30:00","guid":{"rendered":"http:\/\/www.christianecuisine.com\/?p=746"},"modified":"2010-03-29T18:30:00","modified_gmt":"2010-03-29T17:30:00","slug":"compote-de-pommes","status":"publish","type":"post","link":"https:\/\/www.christianecuisine.com\/?p=746","title":{"rendered":"COMPOTE DE POMMES"},"content":{"rendered":"<p><img loading=\"lazy\" decoding=\"async\" class=\"alignnone size-full wp-image-747\" title=\"compote\" src=\"https:\/\/www.christianecuisine.com\/wp-content\/uploads\/2010\/03\/compote.png\" alt=\"compote\" width=\"560\" height=\"586\" srcset=\"https:\/\/www.christianecuisine.com\/wp-content\/uploads\/2010\/03\/compote.png 560w, https:\/\/www.christianecuisine.com\/wp-content\/uploads\/2010\/03\/compote-286x300.png 286w\" sizes=\"(max-width: 560px) 100vw, 560px\" \/><\/p>\n<blockquote><p>Pommes<\/p>\n<p>Eau<\/p><\/blockquote>\n<p>Laver les pommes, ne pas les \u00e9plucher et garder coeurs et p\u00e9pins.<\/p>\n<p>Tout mettre dans une cocotte et couvrir \u00e0 niveau.<\/p>\n<p>Cuire 20 \u00e0 30 minutes.<\/p>\n<p>Passer les pommes au presse-pur\u00e9e.<\/p>\n<p>Cette compote n&rsquo;est pas sucr\u00e9e, on peut la d\u00e9guster avec un boudin au four ou grill\u00e9, en dessert, sur un fond de tarte.<\/p>\n<p>Le matin au petit d\u00e9jeuner sur une tranche de brioche \u00e0 peine grill\u00e9e&#8230;&#8230;<\/p>\n<p>Pour la conserver, mettre les pots au cong\u00e9lateur.<\/p>\n<p>Pour les d\u00e9guster il suffit de les sortir la veille et de les mettre dans le l\u00e9gumier du r\u00e9frig\u00e9rateur. La d\u00e9cong\u00e9lation se fera tout doucement et la compote sera ainsi d\u00e9licieuse<\/p>\n","protected":false},"excerpt":{"rendered":"<p>Pommes Eau Laver les pommes, ne pas les \u00e9plucher et garder coeurs et p\u00e9pins. Tout mettre dans une cocotte et couvrir \u00e0 niveau. Cuire 20 \u00e0 30 minutes. Passer les pommes au presse-pur\u00e9e. Cette compote n&rsquo;est pas sucr\u00e9e, on peut la d\u00e9guster avec un boudin au four ou grill\u00e9, en dessert, sur un fond de tarte. Le matin au petit d\u00e9jeuner sur une tranche de brioche \u00e0 peine grill\u00e9e&#8230;&#8230; Pour la conserver, mettre les pots au cong\u00e9lateur. Pour les d\u00e9guster il suffit de les sortir la veille et de les mettre dans le l\u00e9gumier du r\u00e9frig\u00e9rateur. La d\u00e9cong\u00e9lation se fera tout doucement et la compote sera ainsi d\u00e9licieuse<\/p>\n","protected":false},"author":1,"featured_media":0,"comment_status":"open","ping_status":"open","sticky":false,"template":"","format":"standard","meta":{"footnotes":""},"categories":[41,55,52],"tags":[765,5,14,4,15,47,767,20,19,770,21,83,40,36,6,37,22],"class_list":["post-746","post","type-post","status-publish","format-standard","hentry","category-dessert","category-fruits","category-petit-dejeuner","tag-accompagnement","tag-blog-cuisine","tag-christiane","tag-christiane-cuisine","tag-cuisine","tag-cuisson-simple","tag-dessert","tag-dietetique","tag-facile","tag-fruits","tag-peu-chere","tag-pommes","tag-rafraichissant","tag-recette-bistrot","tag-recettes","tag-repas-entre-amis","tag-simple"],"_links":{"self":[{"href":"https:\/\/www.christianecuisine.com\/index.php?rest_route=\/wp\/v2\/posts\/746"}],"collection":[{"href":"https:\/\/www.christianecuisine.com\/index.php?rest_route=\/wp\/v2\/posts"}],"about":[{"href":"https:\/\/www.christianecuisine.com\/index.php?rest_route=\/wp\/v2\/types\/post"}],"author":[{"embeddable":true,"href":"https:\/\/www.christianecuisine.com\/index.php?rest_route=\/wp\/v2\/users\/1"}],"replies":[{"embeddable":true,"href":"https:\/\/www.christianecuisine.com\/index.php?rest_route=%2Fwp%2Fv2%2Fcomments&post=746"}],"version-history":[{"count":5,"href":"https:\/\/www.christianecuisine.com\/index.php?rest_route=\/wp\/v2\/posts\/746\/revisions"}],"predecessor-version":[{"id":752,"href":"https:\/\/www.christianecuisine.com\/index.php?rest_route=\/wp\/v2\/posts\/746\/revisions\/752"}],"wp:attachment":[{"href":"https:\/\/www.christianecuisine.com\/index.php?rest_route=%2Fwp%2Fv2%2Fmedia&parent=746"}],"wp:term":[{"taxonomy":"category","embeddable":true,"href":"https:\/\/www.christianecuisine.com\/index.php?rest_route=%2Fwp%2Fv2%2Fcategories&post=746"},{"taxonomy":"post_tag","embeddable":true,"href":"https:\/\/www.christianecuisine.com\/index.php?rest_route=%2Fwp%2Fv2%2Ftags&post=746"}],"curies":[{"name":"wp","href":"https:\/\/api.w.org\/{rel}","templated":true}]}}