{"id":728,"date":"2010-03-25T15:48:19","date_gmt":"2010-03-25T14:48:19","guid":{"rendered":"http:\/\/www.christianecuisine.com\/?p=728"},"modified":"2010-03-25T15:48:19","modified_gmt":"2010-03-25T14:48:19","slug":"carottes-nouvelles-vapeur","status":"publish","type":"post","link":"https:\/\/www.christianecuisine.com\/?p=728","title":{"rendered":"CAROTTES NOUVELLES VAPEUR"},"content":{"rendered":"<p><img loading=\"lazy\" decoding=\"async\" class=\"alignnone size-full wp-image-729\" title=\"carottesvapeur\" src=\"https:\/\/www.christianecuisine.com\/wp-content\/uploads\/2010\/03\/carottesvapeur.png\" alt=\"carottesvapeur\" width=\"560\" height=\"1020\" srcset=\"https:\/\/www.christianecuisine.com\/wp-content\/uploads\/2010\/03\/carottesvapeur.png 560w, https:\/\/www.christianecuisine.com\/wp-content\/uploads\/2010\/03\/carottesvapeur-164x300.png 164w\" sizes=\"(max-width: 560px) 100vw, 560px\" \/><\/p>\n<blockquote><p>1 botte de carottes nouvelles<\/p>\n<p>Huile d&rsquo;olive<\/p>\n<p>Sel et poivre<\/p>\n<p>Persil plat<\/p><\/blockquote>\n<p>Gratter les carottes et les laver.<\/p>\n<p>Les mettre dans un cuit-vapeur pendant 35 \u00e0 40 minutes.<\/p>\n<p>V\u00e9rifier la cuisson \u00e0 l&rsquo;aide d&rsquo;un couteau pointu.<\/p>\n<p>Les couper en rondelles ou en lamelles ou tout simplement enti\u00e8res.<\/p>\n<p>Arroser d&rsquo;un filet d&rsquo;une tr\u00e8s bonne huile d&rsquo;olive.<\/p>\n<p>Saler \u00e0 la fleur de sel.<\/p>\n<p>Poivrer.<\/p>\n<p>Parsemer de persil plat.<\/p>\n","protected":false},"excerpt":{"rendered":"<p>1 botte de carottes nouvelles Huile d&rsquo;olive Sel et poivre Persil plat Gratter les carottes et les laver. Les mettre dans un cuit-vapeur pendant 35 \u00e0 40 minutes. V\u00e9rifier la cuisson \u00e0 l&rsquo;aide d&rsquo;un couteau pointu. Les couper en rondelles ou en lamelles ou tout simplement enti\u00e8res. Arroser d&rsquo;un filet d&rsquo;une tr\u00e8s bonne huile d&rsquo;olive. Saler \u00e0 la fleur de sel. Poivrer. Parsemer de persil plat.<\/p>\n","protected":false},"author":1,"featured_media":0,"comment_status":"open","ping_status":"open","sticky":false,"template":"","format":"standard","meta":{"footnotes":""},"categories":[12,48,26],"tags":[765,5,43,14,4,15,47,20,34,19,769,53,21,35,38,40,36,6,37,763,22,50],"class_list":["post-728","post","type-post","status-publish","format-standard","hentry","category-entrees","category-legumes","category-plat-de-resistance","tag-accompagnement","tag-blog-cuisine","tag-carottes","tag-christiane","tag-christiane-cuisine","tag-cuisine","tag-cuisson-simple","tag-dietetique","tag-entree","tag-facile","tag-legumes","tag-petits-legumes","tag-peu-chere","tag-plat","tag-plateau-tele","tag-rafraichissant","tag-recette-bistrot","tag-recettes","tag-repas-entre-amis","tag-salade","tag-simple","tag-vapeur"],"_links":{"self":[{"href":"https:\/\/www.christianecuisine.com\/index.php?rest_route=\/wp\/v2\/posts\/728"}],"collection":[{"href":"https:\/\/www.christianecuisine.com\/index.php?rest_route=\/wp\/v2\/posts"}],"about":[{"href":"https:\/\/www.christianecuisine.com\/index.php?rest_route=\/wp\/v2\/types\/post"}],"author":[{"embeddable":true,"href":"https:\/\/www.christianecuisine.com\/index.php?rest_route=\/wp\/v2\/users\/1"}],"replies":[{"embeddable":true,"href":"https:\/\/www.christianecuisine.com\/index.php?rest_route=%2Fwp%2Fv2%2Fcomments&post=728"}],"version-history":[{"count":5,"href":"https:\/\/www.christianecuisine.com\/index.php?rest_route=\/wp\/v2\/posts\/728\/revisions"}],"predecessor-version":[{"id":734,"href":"https:\/\/www.christianecuisine.com\/index.php?rest_route=\/wp\/v2\/posts\/728\/revisions\/734"}],"wp:attachment":[{"href":"https:\/\/www.christianecuisine.com\/index.php?rest_route=%2Fwp%2Fv2%2Fmedia&parent=728"}],"wp:term":[{"taxonomy":"category","embeddable":true,"href":"https:\/\/www.christianecuisine.com\/index.php?rest_route=%2Fwp%2Fv2%2Fcategories&post=728"},{"taxonomy":"post_tag","embeddable":true,"href":"https:\/\/www.christianecuisine.com\/index.php?rest_route=%2Fwp%2Fv2%2Ftags&post=728"}],"curies":[{"name":"wp","href":"https:\/\/api.w.org\/{rel}","templated":true}]}}