{"id":4245,"date":"2015-10-28T10:00:20","date_gmt":"2015-10-28T09:00:20","guid":{"rendered":"http:\/\/www.christianecuisine.com\/?p=4245"},"modified":"2015-10-11T17:57:59","modified_gmt":"2015-10-11T15:57:59","slug":"marmelade-de-pommes","status":"publish","type":"post","link":"https:\/\/www.christianecuisine.com\/?p=4245","title":{"rendered":"MARMELADE DE POMMES"},"content":{"rendered":"<p>\u2022 2 belles pommes<\/p>\n<p>\u2022 De l&rsquo;eau<\/p>\n<p>&nbsp;<\/p>\n<p>&nbsp;<\/p>\n<p><strong>L<\/strong>aver et essuyer les pommes.<\/p>\n<p><strong>L<\/strong>es \u00e9plucher et les couper en petits morceaux.<\/p>\n<p><b>A<\/b>jouter l&rsquo;eau ( \u00e0 peine \u00e0 hauteur ) et cuire sur feu doux 30 minutes.<\/p>\n<p><strong>E<\/strong>craser grossi\u00e8rement et laisser refroidir \u00e0 temp\u00e9rature.<\/p>\n<p><strong>R<\/strong>emplir une petite coupelle, filmer et r\u00e9server au r\u00e9frig\u00e9rateur.<\/p>\n<p>&nbsp;<\/p>\n<p>&nbsp;<\/p>\n<p>&nbsp;<\/p>\n","protected":false},"excerpt":{"rendered":"<p>\u2022 2 belles pommes \u2022 De l&rsquo;eau &nbsp; &nbsp; Laver et essuyer les pommes. Les \u00e9plucher et les couper en petits morceaux. Ajouter l&rsquo;eau ( \u00e0 peine \u00e0 hauteur ) et cuire sur feu doux 30 minutes. Ecraser grossi\u00e8rement et laisser refroidir \u00e0 temp\u00e9rature. Remplir une petite coupelle, filmer et r\u00e9server au r\u00e9frig\u00e9rateur. &nbsp; &nbsp; &nbsp;<\/p>\n","protected":false},"author":1,"featured_media":4246,"comment_status":"open","ping_status":"open","sticky":false,"template":"","format":"standard","meta":{"footnotes":""},"categories":[30,274,121,41,55],"tags":[765,5,14,4,15,47,767,20,518,19,21,83,40,6,22],"class_list":["post-4245","post","type-post","status-publish","format-standard","has-post-thumbnail","hentry","category-accompagnement","category-confiture","category-cuisson-en-cocotte","category-dessert","category-fruits","tag-accompagnement","tag-blog-cuisine","tag-christiane","tag-christiane-cuisine","tag-cuisine","tag-cuisson-simple","tag-dessert","tag-dietetique","tag-eau","tag-facile","tag-peu-chere","tag-pommes","tag-rafraichissant","tag-recettes","tag-simple"],"_links":{"self":[{"href":"https:\/\/www.christianecuisine.com\/index.php?rest_route=\/wp\/v2\/posts\/4245"}],"collection":[{"href":"https:\/\/www.christianecuisine.com\/index.php?rest_route=\/wp\/v2\/posts"}],"about":[{"href":"https:\/\/www.christianecuisine.com\/index.php?rest_route=\/wp\/v2\/types\/post"}],"author":[{"embeddable":true,"href":"https:\/\/www.christianecuisine.com\/index.php?rest_route=\/wp\/v2\/users\/1"}],"replies":[{"embeddable":true,"href":"https:\/\/www.christianecuisine.com\/index.php?rest_route=%2Fwp%2Fv2%2Fcomments&post=4245"}],"version-history":[{"count":2,"href":"https:\/\/www.christianecuisine.com\/index.php?rest_route=\/wp\/v2\/posts\/4245\/revisions"}],"predecessor-version":[{"id":4248,"href":"https:\/\/www.christianecuisine.com\/index.php?rest_route=\/wp\/v2\/posts\/4245\/revisions\/4248"}],"wp:featuredmedia":[{"embeddable":true,"href":"https:\/\/www.christianecuisine.com\/index.php?rest_route=\/wp\/v2\/media\/4246"}],"wp:attachment":[{"href":"https:\/\/www.christianecuisine.com\/index.php?rest_route=%2Fwp%2Fv2%2Fmedia&parent=4245"}],"wp:term":[{"taxonomy":"category","embeddable":true,"href":"https:\/\/www.christianecuisine.com\/index.php?rest_route=%2Fwp%2Fv2%2Fcategories&post=4245"},{"taxonomy":"post_tag","embeddable":true,"href":"https:\/\/www.christianecuisine.com\/index.php?rest_route=%2Fwp%2Fv2%2Ftags&post=4245"}],"curies":[{"name":"wp","href":"https:\/\/api.w.org\/{rel}","templated":true}]}}