{"id":4092,"date":"2014-09-23T18:59:27","date_gmt":"2014-09-23T16:59:27","guid":{"rendered":"http:\/\/www.christianecuisine.com\/?p=4092"},"modified":"2014-09-23T18:59:27","modified_gmt":"2014-09-23T16:59:27","slug":"compotee-de-fraises-a-la-menthe","status":"publish","type":"post","link":"https:\/\/www.christianecuisine.com\/?p=4092","title":{"rendered":"COMPOTEE DE FRAISES A LA MENTHE"},"content":{"rendered":"<p>\u2022 \u00a0250 gr de fraises<\/p>\n<p>\u2022 \u00a01 citron jaune<\/p>\n<p>\u2022 \u00a03 cuill\u00e8res \u00e0 soupe de sucre en poudre<\/p>\n<p>\u2022 \u00a03 cuill\u00e8res \u00e0 soupe d&rsquo;eau<\/p>\n<p>\u2022 \u00a0Menthe fra\u00eeche<\/p>\n<p>&nbsp;<\/p>\n<p><strong>V<\/strong>erser l&rsquo;eau dans une casserole, ajouter le sucre et amener \u00e0 \u00e9bullition.<\/p>\n<p><strong>D<\/strong>\u00e9poser les fraises dans le sirop, m\u00e9langer.<\/p>\n<p><strong>R<\/strong>amener l&rsquo;\u00e9bullition, \u00e9teindre aussit\u00f4t, laisser refroidir.<\/p>\n<p><strong>V<\/strong>erser quelques gouttes de citron jaune, m\u00e9langer d\u00e9licatement.<\/p>\n<p><strong> \u00a0R<\/strong>emplir de jolies verrines, filmer et garder au r\u00e9frig\u00e9rateur.<\/p>\n<p><strong>A<\/strong>u moment de servir, ajouter la menthe fra\u00eeche finement cisel\u00e9e.<\/p>\n<p><strong>D<\/strong>\u00e9corer avec un sommet de menthe.<\/p>\n","protected":false},"excerpt":{"rendered":"<p>\u2022 \u00a0250 gr de fraises \u2022 \u00a01 citron jaune \u2022 \u00a03 cuill\u00e8res \u00e0 soupe de sucre en poudre \u2022 \u00a03 cuill\u00e8res \u00e0 soupe d&rsquo;eau \u2022 \u00a0Menthe fra\u00eeche &nbsp; Verser l&rsquo;eau dans une casserole, ajouter le sucre et amener \u00e0 \u00e9bullition. D\u00e9poser les fraises dans le sirop, m\u00e9langer. Ramener l&rsquo;\u00e9bullition, \u00e9teindre aussit\u00f4t, laisser refroidir. Verser quelques gouttes de citron jaune, m\u00e9langer d\u00e9licatement. \u00a0Remplir de jolies verrines, filmer et garder au r\u00e9frig\u00e9rateur. Au moment de servir, ajouter la menthe fra\u00eeche finement cisel\u00e9e. D\u00e9corer avec un sommet de menthe.<\/p>\n","protected":false},"author":1,"featured_media":4093,"comment_status":"open","ping_status":"open","sticky":false,"template":"","format":"standard","meta":{"footnotes":""},"categories":[41,55,470,312],"tags":[5,14,4,269,15,47,767,39,19,221,770,183,21,38,40,36,6,37,22,223],"class_list":["post-4092","post","type-post","status-publish","format-standard","has-post-thumbnail","hentry","category-dessert","category-fruits","category-soupe","category-verrines","tag-blog-cuisine","tag-christiane","tag-christiane-cuisine","tag-citron","tag-cuisine","tag-cuisson-simple","tag-dessert","tag-elegant","tag-facile","tag-fraises","tag-fruits","tag-menthe-fraiche","tag-peu-chere","tag-plateau-tele","tag-rafraichissant","tag-recette-bistrot","tag-recettes","tag-repas-entre-amis","tag-simple","tag-sucre-en-poudre"],"_links":{"self":[{"href":"https:\/\/www.christianecuisine.com\/index.php?rest_route=\/wp\/v2\/posts\/4092"}],"collection":[{"href":"https:\/\/www.christianecuisine.com\/index.php?rest_route=\/wp\/v2\/posts"}],"about":[{"href":"https:\/\/www.christianecuisine.com\/index.php?rest_route=\/wp\/v2\/types\/post"}],"author":[{"embeddable":true,"href":"https:\/\/www.christianecuisine.com\/index.php?rest_route=\/wp\/v2\/users\/1"}],"replies":[{"embeddable":true,"href":"https:\/\/www.christianecuisine.com\/index.php?rest_route=%2Fwp%2Fv2%2Fcomments&post=4092"}],"version-history":[{"count":2,"href":"https:\/\/www.christianecuisine.com\/index.php?rest_route=\/wp\/v2\/posts\/4092\/revisions"}],"predecessor-version":[{"id":4095,"href":"https:\/\/www.christianecuisine.com\/index.php?rest_route=\/wp\/v2\/posts\/4092\/revisions\/4095"}],"wp:featuredmedia":[{"embeddable":true,"href":"https:\/\/www.christianecuisine.com\/index.php?rest_route=\/wp\/v2\/media\/4093"}],"wp:attachment":[{"href":"https:\/\/www.christianecuisine.com\/index.php?rest_route=%2Fwp%2Fv2%2Fmedia&parent=4092"}],"wp:term":[{"taxonomy":"category","embeddable":true,"href":"https:\/\/www.christianecuisine.com\/index.php?rest_route=%2Fwp%2Fv2%2Fcategories&post=4092"},{"taxonomy":"post_tag","embeddable":true,"href":"https:\/\/www.christianecuisine.com\/index.php?rest_route=%2Fwp%2Fv2%2Ftags&post=4092"}],"curies":[{"name":"wp","href":"https:\/\/api.w.org\/{rel}","templated":true}]}}