{"id":3752,"date":"2014-02-01T11:25:34","date_gmt":"2014-02-01T10:25:34","guid":{"rendered":"http:\/\/www.christianecuisine.com\/?p=3752"},"modified":"2014-02-01T11:25:34","modified_gmt":"2014-02-01T10:25:34","slug":"carottes-et-pomme","status":"publish","type":"post","link":"https:\/\/www.christianecuisine.com\/?p=3752","title":{"rendered":"CAROTTES ET POMME"},"content":{"rendered":"<p><a href=\"https:\/\/www.christianecuisine.com\/wp-content\/uploads\/2014\/02\/carottes.png\"><img loading=\"lazy\" decoding=\"async\" class=\"alignnone size-full wp-image-3753\" title=\"carottes\" src=\"https:\/\/www.christianecuisine.com\/wp-content\/uploads\/2014\/02\/carottes.png\" alt=\"\" width=\"560\" height=\"1020\" srcset=\"https:\/\/www.christianecuisine.com\/wp-content\/uploads\/2014\/02\/carottes.png 560w, https:\/\/www.christianecuisine.com\/wp-content\/uploads\/2014\/02\/carottes-164x300.png 164w\" sizes=\"(max-width: 560px) 100vw, 560px\" \/><\/a><\/p>\n<p>&nbsp;<\/p>\n<p>&nbsp;<\/p>\n<blockquote><p>4 carottes<\/p>\n<p>1 pomme<\/p>\n<p>Jus d&rsquo;orange frais<\/p>\n<p>Sel et poivre du moulin<\/p>\n<p>Quelques raisins secs<\/p>\n<p>&nbsp;<\/p><\/blockquote>\n<p>&nbsp;<\/p>\n<p>Peler et r\u00e2per carottes et pomme.<\/p>\n<p>Arroser de jus d&rsquo;orange.<\/p>\n<p>Saler et poivrer.<\/p>\n<p>Bien m\u00e9langer.<\/p>\n<p>Ajouter quelques raisins secs, m\u00e9langer \u00e0 nouveau.<\/p>\n<p>Filmer et r\u00e9server au frais jusqu&rsquo;au moment du repas.<\/p>\n<p>Selon les go\u00fbts, on peut ajouter un peu de citron ou quelques gouttes de vinaigrette.<\/p>\n<p>Pour ma part je pr\u00e9f\u00e8re le jus d&rsquo;une orange fra\u00eechement press\u00e9e.<\/p>\n<p>&nbsp;<\/p>\n<p>&nbsp;<\/p>\n<p>&nbsp;<\/p>\n","protected":false},"excerpt":{"rendered":"<p>&nbsp; &nbsp; 4 carottes 1 pomme Jus d&rsquo;orange frais Sel et poivre du moulin Quelques raisins secs &nbsp; &nbsp; Peler et r\u00e2per carottes et pomme. Arroser de jus d&rsquo;orange. Saler et poivrer. Bien m\u00e9langer. Ajouter quelques raisins secs, m\u00e9langer \u00e0 nouveau. Filmer et r\u00e9server au frais jusqu&rsquo;au moment du repas. Selon les go\u00fbts, on peut ajouter un peu de citron ou quelques gouttes de vinaigrette. Pour ma part je pr\u00e9f\u00e8re le jus d&rsquo;une orange fra\u00eechement press\u00e9e. &nbsp; &nbsp; &nbsp;<\/p>\n","protected":false},"author":1,"featured_media":0,"comment_status":"open","ping_status":"open","sticky":false,"template":"","format":"standard","meta":{"footnotes":""},"categories":[141,29,12,55,48,10,23],"tags":[5,278,43,14,4,15,20,39,34,19,770,620,769,21,38,329,196,289,40,621,622,36,6,37,763,764,328,22],"class_list":["post-3752","post","type-post","status-publish","format-standard","hentry","category-agrume","category-assaisonnement","category-entrees","category-fruits","category-legumes","category-salade","category-sans-cuisson","tag-blog-cuisine","tag-carotte","tag-carottes","tag-christiane","tag-christiane-cuisine","tag-cuisine","tag-dietetique","tag-elegant","tag-entree","tag-facile","tag-fruits","tag-jus-dorange","tag-legumes","tag-peu-chere","tag-plateau-tele","tag-poivre","tag-poivre-du-moulin","tag-pomme","tag-rafraichissant","tag-raisin","tag-raisins-secs","tag-recette-bistrot","tag-recettes","tag-repas-entre-amis","tag-salade","tag-sans-cuisson","tag-sel","tag-simple"],"_links":{"self":[{"href":"https:\/\/www.christianecuisine.com\/index.php?rest_route=\/wp\/v2\/posts\/3752"}],"collection":[{"href":"https:\/\/www.christianecuisine.com\/index.php?rest_route=\/wp\/v2\/posts"}],"about":[{"href":"https:\/\/www.christianecuisine.com\/index.php?rest_route=\/wp\/v2\/types\/post"}],"author":[{"embeddable":true,"href":"https:\/\/www.christianecuisine.com\/index.php?rest_route=\/wp\/v2\/users\/1"}],"replies":[{"embeddable":true,"href":"https:\/\/www.christianecuisine.com\/index.php?rest_route=%2Fwp%2Fv2%2Fcomments&post=3752"}],"version-history":[{"count":5,"href":"https:\/\/www.christianecuisine.com\/index.php?rest_route=\/wp\/v2\/posts\/3752\/revisions"}],"predecessor-version":[{"id":3758,"href":"https:\/\/www.christianecuisine.com\/index.php?rest_route=\/wp\/v2\/posts\/3752\/revisions\/3758"}],"wp:attachment":[{"href":"https:\/\/www.christianecuisine.com\/index.php?rest_route=%2Fwp%2Fv2%2Fmedia&parent=3752"}],"wp:term":[{"taxonomy":"category","embeddable":true,"href":"https:\/\/www.christianecuisine.com\/index.php?rest_route=%2Fwp%2Fv2%2Fcategories&post=3752"},{"taxonomy":"post_tag","embeddable":true,"href":"https:\/\/www.christianecuisine.com\/index.php?rest_route=%2Fwp%2Fv2%2Ftags&post=3752"}],"curies":[{"name":"wp","href":"https:\/\/api.w.org\/{rel}","templated":true}]}}