{"id":3637,"date":"2013-12-27T10:00:10","date_gmt":"2013-12-27T09:00:10","guid":{"rendered":"http:\/\/www.christianecuisine.com\/?p=3637"},"modified":"2013-12-25T19:24:44","modified_gmt":"2013-12-25T18:24:44","slug":"cappuccino-de-carottes-suggestion-de-presentation","status":"publish","type":"post","link":"https:\/\/www.christianecuisine.com\/?p=3637","title":{"rendered":"CAPPUCCINO DE CAROTTES \u00a0\u00bb SUGGESTION DE PRESENTATION \u00ab\u00a0"},"content":{"rendered":"<p><a href=\"https:\/\/www.christianecuisine.com\/wp-content\/uploads\/2013\/12\/carot.png\"><img loading=\"lazy\" decoding=\"async\" class=\"alignnone size-full wp-image-3638\" title=\"carot\" src=\"https:\/\/www.christianecuisine.com\/wp-content\/uploads\/2013\/12\/carot.png\" alt=\"\" width=\"560\" height=\"586\" srcset=\"https:\/\/www.christianecuisine.com\/wp-content\/uploads\/2013\/12\/carot.png 560w, https:\/\/www.christianecuisine.com\/wp-content\/uploads\/2013\/12\/carot-286x300.png 286w\" sizes=\"(max-width: 560px) 100vw, 560px\" \/><\/a><\/p>\n<p>&nbsp;<\/p>\n<p>&nbsp;<\/p>\n<p>PRESENTATION.<\/p>\n<p>EN VERRINES OU DANS DE JOLIES COUPES,\u00a0PARFAITES POUR UNE MISE EN BOUCHE OU UNE ENTREE<\/p>\n<p>&nbsp;<\/p>\n<p><a href=\"https:\/\/www.christianecuisine.com\/?p=204\" target=\"_blank\">VOIR LA RECETTE<\/a>\u00a0 premi\u00e8re pr\u00e9sentation.<\/p>\n<p>Attendre que les invit\u00e9s soient \u00e0 table avant d&rsquo;ajouter le vinaigre balsamique qui, comme sur la photo de la recette, se m\u00e9lange trop rapidement \u00e0 la carotte.<\/p>\n<p>&nbsp;<\/p>\n<p>Deuxi\u00e8me pr\u00e9sentation<a href=\"https:\/\/www.christianecuisine.com\/?p=293\" target=\"_blank\"> avec du saumon<\/a><\/p>\n<p>&nbsp;<\/p>\n<p>JOYEUSES F\u00caTES<\/p>\n<p>&nbsp;<\/p>\n<p>Ne pas oublier le petit commentaire, merci&#8230;&#8230;<\/p>\n<p>&nbsp;<\/p>\n<p>&nbsp;<\/p>\n<p>&nbsp;<\/p>\n<p>&nbsp;<\/p>\n<p>&nbsp;<\/p>\n<p>&nbsp;<\/p>\n<p>&nbsp;<\/p>\n<p>&nbsp;<\/p>\n","protected":false},"excerpt":{"rendered":"<p>&nbsp; &nbsp; PRESENTATION. EN VERRINES OU DANS DE JOLIES COUPES,\u00a0PARFAITES POUR UNE MISE EN BOUCHE OU UNE ENTREE &nbsp; VOIR LA RECETTE\u00a0 premi\u00e8re pr\u00e9sentation. Attendre que les invit\u00e9s soient \u00e0 table avant d&rsquo;ajouter le vinaigre balsamique qui, comme sur la photo de la recette, se m\u00e9lange trop rapidement \u00e0 la carotte. &nbsp; Deuxi\u00e8me pr\u00e9sentation avec du saumon &nbsp; JOYEUSES F\u00caTES &nbsp; Ne pas oublier le petit commentaire, merci&#8230;&#8230; &nbsp; &nbsp; &nbsp; &nbsp; &nbsp; &nbsp; &nbsp; &nbsp;<\/p>\n","protected":false},"author":1,"featured_media":0,"comment_status":"open","ping_status":"open","sticky":false,"template":"","format":"standard","meta":{"footnotes":""},"categories":[44,12,48,120,470,312],"tags":[768,5,316,43,14,4,525,166,15,47,228,39,34,19,769,21,40,36,6,37,22,306],"class_list":["post-3637","post","type-post","status-publish","format-standard","hentry","category-aperitif","category-entrees","category-legumes","category-les-petites-astuces-de-christiane","category-soupe","category-verrines","tag-aperitif","tag-blog-cuisine","tag-bouillon-cube","tag-carottes","tag-christiane","tag-christiane-cuisine","tag-coriandre-fraiche","tag-creme-fraiche","tag-cuisine","tag-cuisson-simple","tag-cumin","tag-elegant","tag-entree","tag-facile","tag-legumes","tag-peu-chere","tag-rafraichissant","tag-recette-bistrot","tag-recettes","tag-repas-entre-amis","tag-simple","tag-vinaigre-balsamique"],"_links":{"self":[{"href":"https:\/\/www.christianecuisine.com\/index.php?rest_route=\/wp\/v2\/posts\/3637"}],"collection":[{"href":"https:\/\/www.christianecuisine.com\/index.php?rest_route=\/wp\/v2\/posts"}],"about":[{"href":"https:\/\/www.christianecuisine.com\/index.php?rest_route=\/wp\/v2\/types\/post"}],"author":[{"embeddable":true,"href":"https:\/\/www.christianecuisine.com\/index.php?rest_route=\/wp\/v2\/users\/1"}],"replies":[{"embeddable":true,"href":"https:\/\/www.christianecuisine.com\/index.php?rest_route=%2Fwp%2Fv2%2Fcomments&post=3637"}],"version-history":[{"count":29,"href":"https:\/\/www.christianecuisine.com\/index.php?rest_route=\/wp\/v2\/posts\/3637\/revisions"}],"predecessor-version":[{"id":3724,"href":"https:\/\/www.christianecuisine.com\/index.php?rest_route=\/wp\/v2\/posts\/3637\/revisions\/3724"}],"wp:attachment":[{"href":"https:\/\/www.christianecuisine.com\/index.php?rest_route=%2Fwp%2Fv2%2Fmedia&parent=3637"}],"wp:term":[{"taxonomy":"category","embeddable":true,"href":"https:\/\/www.christianecuisine.com\/index.php?rest_route=%2Fwp%2Fv2%2Fcategories&post=3637"},{"taxonomy":"post_tag","embeddable":true,"href":"https:\/\/www.christianecuisine.com\/index.php?rest_route=%2Fwp%2Fv2%2Ftags&post=3637"}],"curies":[{"name":"wp","href":"https:\/\/api.w.org\/{rel}","templated":true}]}}