{"id":3233,"date":"2013-05-02T19:12:03","date_gmt":"2013-05-02T18:12:03","guid":{"rendered":"http:\/\/www.christianecuisine.com\/?p=3233"},"modified":"2013-05-02T19:28:18","modified_gmt":"2013-05-02T18:28:18","slug":"salade-speciale-ligne","status":"publish","type":"post","link":"https:\/\/www.christianecuisine.com\/?p=3233","title":{"rendered":"SALADE SPECIALE LIGNE"},"content":{"rendered":"<p><a href=\"https:\/\/www.christianecuisine.com\/wp-content\/uploads\/2013\/05\/ligne.png\"><img loading=\"lazy\" decoding=\"async\" class=\"alignnone size-full wp-image-3234\" title=\"ligne\" src=\"https:\/\/www.christianecuisine.com\/wp-content\/uploads\/2013\/05\/ligne.png\" alt=\"\" width=\"560\" height=\"586\" srcset=\"https:\/\/www.christianecuisine.com\/wp-content\/uploads\/2013\/05\/ligne.png 560w, https:\/\/www.christianecuisine.com\/wp-content\/uploads\/2013\/05\/ligne-286x300.png 286w\" sizes=\"(max-width: 560px) 100vw, 560px\" \/><\/a><\/p>\n<p>&nbsp;<\/p>\n<p>&nbsp;<\/p>\n<blockquote><p>M\u00e2che<\/p>\n<p>Pousses de soja<\/p>\n<p>Ma\u00efs<\/p>\n<p>1 tranche de pain c\u00e9r\u00e9ales<\/p>\n<p>&nbsp;<\/p><\/blockquote>\n<p>&nbsp;<\/p>\n<p>&nbsp;<\/p>\n<p>Bien laver la m\u00e2che.<\/p>\n<p>Rincer les pousses de soja, \u00e9goutter.<\/p>\n<p>D\u00e9poser la m\u00e2che dans le fond d&rsquo;une assiette.<\/p>\n<p>Poser dessus les pousses de soja.<\/p>\n<p>Ajouter quelques grains de ma\u00efs.<\/p>\n<p>Verser deux cuill\u00e8res \u00e0 caf\u00e9 d&rsquo;une tr\u00e8s bonne huile d&rsquo;olive et un filet de vinaigre balsamique.<\/p>\n<p>Servir aussit\u00f4t avec une tranche de pain c\u00e9r\u00e9ales.<\/p>\n<p>&nbsp;<\/p>\n<p>&nbsp;<\/p>\n","protected":false},"excerpt":{"rendered":"<p>&nbsp; &nbsp; M\u00e2che Pousses de soja Ma\u00efs 1 tranche de pain c\u00e9r\u00e9ales &nbsp; &nbsp; &nbsp; Bien laver la m\u00e2che. Rincer les pousses de soja, \u00e9goutter. D\u00e9poser la m\u00e2che dans le fond d&rsquo;une assiette. Poser dessus les pousses de soja. Ajouter quelques grains de ma\u00efs. Verser deux cuill\u00e8res \u00e0 caf\u00e9 d&rsquo;une tr\u00e8s bonne huile d&rsquo;olive et un filet de vinaigre balsamique. Servir aussit\u00f4t avec une tranche de pain c\u00e9r\u00e9ales. &nbsp; &nbsp;<\/p>\n","protected":false},"author":1,"featured_media":0,"comment_status":"open","ping_status":"open","sticky":false,"template":"","format":"standard","meta":{"footnotes":""},"categories":[12,48,10],"tags":[765,5,14,4,15,20,34,19,175,769,179,485,513,21,38,400,40,36,6,763,764,22,306],"class_list":["post-3233","post","type-post","status-publish","format-standard","hentry","category-entrees","category-legumes","category-salade","tag-accompagnement","tag-blog-cuisine","tag-christiane","tag-christiane-cuisine","tag-cuisine","tag-dietetique","tag-entree","tag-facile","tag-huile-dolive","tag-legumes","tag-mache","tag-mais","tag-pain-cereales","tag-peu-chere","tag-plateau-tele","tag-pousses-de-soja","tag-rafraichissant","tag-recette-bistrot","tag-recettes","tag-salade","tag-sans-cuisson","tag-simple","tag-vinaigre-balsamique"],"_links":{"self":[{"href":"https:\/\/www.christianecuisine.com\/index.php?rest_route=\/wp\/v2\/posts\/3233"}],"collection":[{"href":"https:\/\/www.christianecuisine.com\/index.php?rest_route=\/wp\/v2\/posts"}],"about":[{"href":"https:\/\/www.christianecuisine.com\/index.php?rest_route=\/wp\/v2\/types\/post"}],"author":[{"embeddable":true,"href":"https:\/\/www.christianecuisine.com\/index.php?rest_route=\/wp\/v2\/users\/1"}],"replies":[{"embeddable":true,"href":"https:\/\/www.christianecuisine.com\/index.php?rest_route=%2Fwp%2Fv2%2Fcomments&post=3233"}],"version-history":[{"count":4,"href":"https:\/\/www.christianecuisine.com\/index.php?rest_route=\/wp\/v2\/posts\/3233\/revisions"}],"predecessor-version":[{"id":3238,"href":"https:\/\/www.christianecuisine.com\/index.php?rest_route=\/wp\/v2\/posts\/3233\/revisions\/3238"}],"wp:attachment":[{"href":"https:\/\/www.christianecuisine.com\/index.php?rest_route=%2Fwp%2Fv2%2Fmedia&parent=3233"}],"wp:term":[{"taxonomy":"category","embeddable":true,"href":"https:\/\/www.christianecuisine.com\/index.php?rest_route=%2Fwp%2Fv2%2Fcategories&post=3233"},{"taxonomy":"post_tag","embeddable":true,"href":"https:\/\/www.christianecuisine.com\/index.php?rest_route=%2Fwp%2Fv2%2Ftags&post=3233"}],"curies":[{"name":"wp","href":"https:\/\/api.w.org\/{rel}","templated":true}]}}