{"id":3190,"date":"2013-04-15T10:00:22","date_gmt":"2013-04-15T09:00:22","guid":{"rendered":"http:\/\/www.christianecuisine.com\/?p=3190"},"modified":"2013-04-07T18:52:30","modified_gmt":"2013-04-07T17:52:30","slug":"carottes-au-gingembre","status":"publish","type":"post","link":"https:\/\/www.christianecuisine.com\/?p=3190","title":{"rendered":"CAROTTES AU GINGEMBRE"},"content":{"rendered":"<p><a href=\"https:\/\/www.christianecuisine.com\/wp-content\/uploads\/2013\/04\/carottes.png\"><img loading=\"lazy\" decoding=\"async\" class=\"alignnone size-full wp-image-3191\" title=\"carottes\" src=\"https:\/\/www.christianecuisine.com\/wp-content\/uploads\/2013\/04\/carottes.png\" alt=\"\" width=\"560\" height=\"1020\" srcset=\"https:\/\/www.christianecuisine.com\/wp-content\/uploads\/2013\/04\/carottes.png 560w, https:\/\/www.christianecuisine.com\/wp-content\/uploads\/2013\/04\/carottes-164x300.png 164w\" sizes=\"(max-width: 560px) 100vw, 560px\" \/><\/a><\/p>\n<p>&nbsp;<\/p>\n<p>&nbsp;<\/p>\n<blockquote><p>Carottes<\/p>\n<p>Gingembre frais<\/p>\n<p>Ciboulette<\/p>\n<p>Vinaigrette<\/p>\n<p>Sel et poivre du moulin<\/p>\n<p>&nbsp;<\/p><\/blockquote>\n<p>&nbsp;<\/p>\n<p>&nbsp;<\/p>\n<p>R\u00e2per les carottes.<\/p>\n<p>R\u00e2per \u00e9galement le gingembre frais directement sur les carottes.<\/p>\n<p>Parsemer de ciboulette cisel\u00e9e.<\/p>\n<p>Verser un peu de vinaigrette.<\/p>\n<p>Saler et poivrer.<\/p>\n<p>Bien m\u00e9langer.<\/p>\n<p>Go\u00fbter et rectifier l&rsquo;assaisonnement si besoin.<\/p>\n<p>Couvrir d&rsquo;un film et garder au r\u00e9frig\u00e9rateur.<\/p>\n<p>Entr\u00e9e fra\u00eeche et go\u00fbteuse&#8230;&#8230;&#8230;<\/p>\n<p>&nbsp;<\/p>\n","protected":false},"excerpt":{"rendered":"<p>&nbsp; &nbsp; Carottes Gingembre frais Ciboulette Vinaigrette Sel et poivre du moulin &nbsp; &nbsp; &nbsp; R\u00e2per les carottes. R\u00e2per \u00e9galement le gingembre frais directement sur les carottes. Parsemer de ciboulette cisel\u00e9e. Verser un peu de vinaigrette. Saler et poivrer. Bien m\u00e9langer. Go\u00fbter et rectifier l&rsquo;assaisonnement si besoin. Couvrir d&rsquo;un film et garder au r\u00e9frig\u00e9rateur. Entr\u00e9e fra\u00eeche et go\u00fbteuse&#8230;&#8230;&#8230; &nbsp;<\/p>\n","protected":false},"author":1,"featured_media":0,"comment_status":"open","ping_status":"open","sticky":false,"template":"","format":"standard","meta":{"footnotes":""},"categories":[29,12,48,10],"tags":[765,5,43,14,4,185,15,20,34,19,504,285,769,53,21,38,329,40,36,6,37,763,764,328,22,28],"class_list":["post-3190","post","type-post","status-publish","format-standard","hentry","category-assaisonnement","category-entrees","category-legumes","category-salade","tag-accompagnement","tag-blog-cuisine","tag-carottes","tag-christiane","tag-christiane-cuisine","tag-ciboulette","tag-cuisine","tag-dietetique","tag-entree","tag-facile","tag-gingembre","tag-gingembre-frais","tag-legumes","tag-petits-legumes","tag-peu-chere","tag-plateau-tele","tag-poivre","tag-rafraichissant","tag-recette-bistrot","tag-recettes","tag-repas-entre-amis","tag-salade","tag-sans-cuisson","tag-sel","tag-simple","tag-vinaigrette"],"_links":{"self":[{"href":"https:\/\/www.christianecuisine.com\/index.php?rest_route=\/wp\/v2\/posts\/3190"}],"collection":[{"href":"https:\/\/www.christianecuisine.com\/index.php?rest_route=\/wp\/v2\/posts"}],"about":[{"href":"https:\/\/www.christianecuisine.com\/index.php?rest_route=\/wp\/v2\/types\/post"}],"author":[{"embeddable":true,"href":"https:\/\/www.christianecuisine.com\/index.php?rest_route=\/wp\/v2\/users\/1"}],"replies":[{"embeddable":true,"href":"https:\/\/www.christianecuisine.com\/index.php?rest_route=%2Fwp%2Fv2%2Fcomments&post=3190"}],"version-history":[{"count":4,"href":"https:\/\/www.christianecuisine.com\/index.php?rest_route=\/wp\/v2\/posts\/3190\/revisions"}],"predecessor-version":[{"id":3195,"href":"https:\/\/www.christianecuisine.com\/index.php?rest_route=\/wp\/v2\/posts\/3190\/revisions\/3195"}],"wp:attachment":[{"href":"https:\/\/www.christianecuisine.com\/index.php?rest_route=%2Fwp%2Fv2%2Fmedia&parent=3190"}],"wp:term":[{"taxonomy":"category","embeddable":true,"href":"https:\/\/www.christianecuisine.com\/index.php?rest_route=%2Fwp%2Fv2%2Fcategories&post=3190"},{"taxonomy":"post_tag","embeddable":true,"href":"https:\/\/www.christianecuisine.com\/index.php?rest_route=%2Fwp%2Fv2%2Ftags&post=3190"}],"curies":[{"name":"wp","href":"https:\/\/api.w.org\/{rel}","templated":true}]}}