{"id":313,"date":"2010-02-04T01:10:04","date_gmt":"2010-02-04T00:10:04","guid":{"rendered":"http:\/\/www.christianecuisine.com\/?p=313"},"modified":"2010-02-04T01:10:04","modified_gmt":"2010-02-04T00:10:04","slug":"celeri-remoulade","status":"publish","type":"post","link":"https:\/\/www.christianecuisine.com\/?p=313","title":{"rendered":"CELERI REMOULADE"},"content":{"rendered":"<p><img loading=\"lazy\" decoding=\"async\" class=\"alignnone size-full wp-image-320\" title=\"celeri\" src=\"https:\/\/www.christianecuisine.com\/wp-content\/uploads\/2010\/02\/celeri1.png\" alt=\"celeri\" width=\"560\" height=\"1020\" srcset=\"https:\/\/www.christianecuisine.com\/wp-content\/uploads\/2010\/02\/celeri1.png 560w, https:\/\/www.christianecuisine.com\/wp-content\/uploads\/2010\/02\/celeri1-164x300.png 164w\" sizes=\"(max-width: 560px) 100vw, 560px\" \/><\/p>\n<blockquote><p>1 \u00e0 2 petits c\u00e9leris il faut choisir les plus petits ils ont plus de go\u00fbt<\/p>\n<p>Moutarde<br \/>\nHuile Isio 4<br \/>\n1 jaune d&rsquo;oeuf<br \/>\nSel et poivre<\/p><\/blockquote>\n<p>R\u00e2per le c\u00e9leri avec la m\u00eame r\u00e2pe que pour les carottes.<\/p>\n<p>R\u00e9server.<\/p>\n<p>Pour la sauce:<\/p>\n<p>3 cuill\u00e8res \u00e0 caf\u00e9 de moutarde, le jaune d&rsquo;oeuf et m\u00e9langer au fouet \u00e9lectrique en ajoutant en filet l&rsquo;huile peu \u00e0 peu.<\/p>\n<p>Votre m\u00e9lange devient homog\u00e8ne, ajouter alors un filet de vinaigre de vin rouge ou du citron suivant votre go\u00fbt.<\/p>\n<p>Sel et poivre.<\/p>\n<p>M\u00e9langer ensuite \u00e0 votre c\u00e9leri r\u00e2p\u00e9.<\/p>\n<p>Filmer et r\u00e9server au r\u00e9frig\u00e9rateur.<\/p>\n<p>Au moment se servir, dans des coupelles ou bien dans un joli plat familial, d\u00e9corer avec quelques feuilles de persil plat .<\/p>\n","protected":false},"excerpt":{"rendered":"<p>1 \u00e0 2 petits c\u00e9leris il faut choisir les plus petits ils ont plus de go\u00fbt Moutarde Huile Isio 4 1 jaune d&rsquo;oeuf Sel et poivre R\u00e2per le c\u00e9leri avec la m\u00eame r\u00e2pe que pour les carottes. R\u00e9server. Pour la sauce: 3 cuill\u00e8res \u00e0 caf\u00e9 de moutarde, le jaune d&rsquo;oeuf et m\u00e9langer au fouet \u00e9lectrique en ajoutant en filet l&rsquo;huile peu \u00e0 peu. Votre m\u00e9lange devient homog\u00e8ne, ajouter alors un filet de vinaigre de vin rouge ou du citron suivant votre go\u00fbt. Sel et poivre. M\u00e9langer ensuite \u00e0 votre c\u00e9leri r\u00e2p\u00e9. Filmer et r\u00e9server au r\u00e9frig\u00e9rateur. Au moment se servir, dans des coupelles ou bien dans un joli plat familial, d\u00e9corer avec quelques feuilles de persil plat .<\/p>\n","protected":false},"author":1,"featured_media":0,"comment_status":"open","ping_status":"open","sticky":false,"template":"","format":"standard","meta":{"footnotes":""},"categories":[12,48],"tags":[765,5,14,4,15,47,34,19,769,21,40,36,6,37,763,764,22],"class_list":["post-313","post","type-post","status-publish","format-standard","hentry","category-entrees","category-legumes","tag-accompagnement","tag-blog-cuisine","tag-christiane","tag-christiane-cuisine","tag-cuisine","tag-cuisson-simple","tag-entree","tag-facile","tag-legumes","tag-peu-chere","tag-rafraichissant","tag-recette-bistrot","tag-recettes","tag-repas-entre-amis","tag-salade","tag-sans-cuisson","tag-simple"],"_links":{"self":[{"href":"https:\/\/www.christianecuisine.com\/index.php?rest_route=\/wp\/v2\/posts\/313"}],"collection":[{"href":"https:\/\/www.christianecuisine.com\/index.php?rest_route=\/wp\/v2\/posts"}],"about":[{"href":"https:\/\/www.christianecuisine.com\/index.php?rest_route=\/wp\/v2\/types\/post"}],"author":[{"embeddable":true,"href":"https:\/\/www.christianecuisine.com\/index.php?rest_route=\/wp\/v2\/users\/1"}],"replies":[{"embeddable":true,"href":"https:\/\/www.christianecuisine.com\/index.php?rest_route=%2Fwp%2Fv2%2Fcomments&post=313"}],"version-history":[{"count":21,"href":"https:\/\/www.christianecuisine.com\/index.php?rest_route=\/wp\/v2\/posts\/313\/revisions"}],"predecessor-version":[{"id":335,"href":"https:\/\/www.christianecuisine.com\/index.php?rest_route=\/wp\/v2\/posts\/313\/revisions\/335"}],"wp:attachment":[{"href":"https:\/\/www.christianecuisine.com\/index.php?rest_route=%2Fwp%2Fv2%2Fmedia&parent=313"}],"wp:term":[{"taxonomy":"category","embeddable":true,"href":"https:\/\/www.christianecuisine.com\/index.php?rest_route=%2Fwp%2Fv2%2Fcategories&post=313"},{"taxonomy":"post_tag","embeddable":true,"href":"https:\/\/www.christianecuisine.com\/index.php?rest_route=%2Fwp%2Fv2%2Ftags&post=313"}],"curies":[{"name":"wp","href":"https:\/\/api.w.org\/{rel}","templated":true}]}}