{"id":3123,"date":"2013-03-25T17:44:17","date_gmt":"2013-03-25T16:44:17","guid":{"rendered":"http:\/\/www.christianecuisine.com\/?p=3123"},"modified":"2013-03-25T17:44:17","modified_gmt":"2013-03-25T16:44:17","slug":"chou-rave-a-la-pomme","status":"publish","type":"post","link":"https:\/\/www.christianecuisine.com\/?p=3123","title":{"rendered":"CHOU RAVE A LA POMME"},"content":{"rendered":"<p><a href=\"https:\/\/www.christianecuisine.com\/wp-content\/uploads\/2013\/03\/chou.png\"><img loading=\"lazy\" decoding=\"async\" class=\"alignnone size-full wp-image-3124\" title=\"chou\" src=\"https:\/\/www.christianecuisine.com\/wp-content\/uploads\/2013\/03\/chou.png\" alt=\"\" width=\"560\" height=\"1020\" srcset=\"https:\/\/www.christianecuisine.com\/wp-content\/uploads\/2013\/03\/chou.png 560w, https:\/\/www.christianecuisine.com\/wp-content\/uploads\/2013\/03\/chou-164x300.png 164w\" sizes=\"(max-width: 560px) 100vw, 560px\" \/><\/a><\/p>\n<p>&nbsp;<\/p>\n<p>&nbsp;<\/p>\n<blockquote><p>1 chou rave<\/p>\n<p>1 pomme<\/p>\n<p>1 oignon doux<\/p>\n<p>Persil plat<\/p>\n<p>Sel et poivre<\/p>\n<p>Vinaigrette<\/p>\n<p>&nbsp;<\/p><\/blockquote>\n<p>&nbsp;<\/p>\n<p>&nbsp;<\/p>\n<p>Eplucher et r\u00e2per le chou rave. \u00a0( grille carottes )<\/p>\n<p>Peler la pomme et la r\u00e2per de la m\u00eame fa\u00e7on que le chou.<\/p>\n<p>Couper l&rsquo;oignon doux en fines lamelles.<\/p>\n<p>Pr\u00e9parer une petite vinaigrette.<\/p>\n<p>Ciseler le persil plat.<\/p>\n<p>Choisir un plat de pr\u00e9sentation, d\u00e9poser le chou r\u00e2p\u00e9 et la pomme.<\/p>\n<p>Arroser de vinaigrette, bien m\u00e9langer.<\/p>\n<p>Parsemer de persil plat.<\/p>\n<p>Ajouter les oignons doux.<\/p>\n<p>Saler et poivrer.<\/p>\n<p>Garder au r\u00e9frig\u00e9rateur jusqu&rsquo;au moment de servir.<\/p>\n<p>&nbsp;<\/p>\n<p>Recette agr\u00e9able et tr\u00e8s fra\u00eeche en bouche&#8230;&#8230;.<\/p>\n","protected":false},"excerpt":{"rendered":"<p>&nbsp; &nbsp; 1 chou rave 1 pomme 1 oignon doux Persil plat Sel et poivre Vinaigrette &nbsp; &nbsp; &nbsp; Eplucher et r\u00e2per le chou rave. \u00a0( grille carottes ) Peler la pomme et la r\u00e2per de la m\u00eame fa\u00e7on que le chou. Couper l&rsquo;oignon doux en fines lamelles. Pr\u00e9parer une petite vinaigrette. Ciseler le persil plat. Choisir un plat de pr\u00e9sentation, d\u00e9poser le chou r\u00e2p\u00e9 et la pomme. Arroser de vinaigrette, bien m\u00e9langer. Parsemer de persil plat. Ajouter les oignons doux. Saler et poivrer. Garder au r\u00e9frig\u00e9rateur jusqu&rsquo;au moment de servir. &nbsp; Recette agr\u00e9able et tr\u00e8s fra\u00eeche en bouche&#8230;&#8230;.<\/p>\n","protected":false},"author":1,"featured_media":0,"comment_status":"open","ping_status":"open","sticky":false,"template":"","format":"standard","meta":{"footnotes":""},"categories":[12,48,10],"tags":[5,308,489,14,4,15,20,34,19,463,769,294,462,160,21,38,329,289,40,36,37,764,328,22,387,28],"class_list":["post-3123","post","type-post","status-publish","format-standard","hentry","category-entrees","category-legumes","category-salade","tag-blog-cuisine","tag-chou","tag-chou-rave","tag-christiane","tag-christiane-cuisine","tag-cuisine","tag-dietetique","tag-entree","tag-facile","tag-huile","tag-legumes","tag-oignon-doux","tag-persil","tag-persil-plat","tag-peu-chere","tag-plateau-tele","tag-poivre","tag-pomme","tag-rafraichissant","tag-recette-bistrot","tag-repas-entre-amis","tag-sans-cuisson","tag-sel","tag-simple","tag-vinaigre","tag-vinaigrette"],"_links":{"self":[{"href":"https:\/\/www.christianecuisine.com\/index.php?rest_route=\/wp\/v2\/posts\/3123"}],"collection":[{"href":"https:\/\/www.christianecuisine.com\/index.php?rest_route=\/wp\/v2\/posts"}],"about":[{"href":"https:\/\/www.christianecuisine.com\/index.php?rest_route=\/wp\/v2\/types\/post"}],"author":[{"embeddable":true,"href":"https:\/\/www.christianecuisine.com\/index.php?rest_route=\/wp\/v2\/users\/1"}],"replies":[{"embeddable":true,"href":"https:\/\/www.christianecuisine.com\/index.php?rest_route=%2Fwp%2Fv2%2Fcomments&post=3123"}],"version-history":[{"count":7,"href":"https:\/\/www.christianecuisine.com\/index.php?rest_route=\/wp\/v2\/posts\/3123\/revisions"}],"predecessor-version":[{"id":3131,"href":"https:\/\/www.christianecuisine.com\/index.php?rest_route=\/wp\/v2\/posts\/3123\/revisions\/3131"}],"wp:attachment":[{"href":"https:\/\/www.christianecuisine.com\/index.php?rest_route=%2Fwp%2Fv2%2Fmedia&parent=3123"}],"wp:term":[{"taxonomy":"category","embeddable":true,"href":"https:\/\/www.christianecuisine.com\/index.php?rest_route=%2Fwp%2Fv2%2Fcategories&post=3123"},{"taxonomy":"post_tag","embeddable":true,"href":"https:\/\/www.christianecuisine.com\/index.php?rest_route=%2Fwp%2Fv2%2Ftags&post=3123"}],"curies":[{"name":"wp","href":"https:\/\/api.w.org\/{rel}","templated":true}]}}