{"id":3095,"date":"2013-03-15T10:00:01","date_gmt":"2013-03-15T09:00:01","guid":{"rendered":"http:\/\/www.christianecuisine.com\/?p=3095"},"modified":"2013-03-13T18:18:18","modified_gmt":"2013-03-13T17:18:18","slug":"petite-salade-de-lentilles-au-mais","status":"publish","type":"post","link":"https:\/\/www.christianecuisine.com\/?p=3095","title":{"rendered":"PETITE SALADE DE LENTILLES AU MA\u00cfS"},"content":{"rendered":"<p><a href=\"https:\/\/www.christianecuisine.com\/wp-content\/uploads\/2013\/03\/mais.png\"><img loading=\"lazy\" decoding=\"async\" class=\"alignnone size-full wp-image-3096\" title=\"mais\" src=\"https:\/\/www.christianecuisine.com\/wp-content\/uploads\/2013\/03\/mais.png\" alt=\"\" width=\"560\" height=\"586\" srcset=\"https:\/\/www.christianecuisine.com\/wp-content\/uploads\/2013\/03\/mais.png 560w, https:\/\/www.christianecuisine.com\/wp-content\/uploads\/2013\/03\/mais-286x300.png 286w\" sizes=\"(max-width: 560px) 100vw, 560px\" \/><\/a><\/p>\n<p>&nbsp;<\/p>\n<p>&nbsp;<\/p>\n<p>&nbsp;<\/p>\n<blockquote><p>1 bo\u00eete de lentilles<\/p>\n<p>1 oignon doux<\/p>\n<p>Vinaigrette<\/p>\n<p>Vinaigre de framboise<\/p>\n<p>Persil plat<\/p>\n<p>1 bo\u00eete de ma\u00efs<\/p>\n<p>Sel et poivre<\/p>\n<p>&nbsp;<\/p><\/blockquote>\n<p>&nbsp;<\/p>\n<p>&nbsp;<\/p>\n<p>Ouvrir la bo\u00eete de lentilles, les \u00e9goutter et les rincer sous un filet d&rsquo;eau.<\/p>\n<p>Couper l&rsquo;oignon doux en petits d\u00e9s.<\/p>\n<p>Pr\u00e9parer une vinaigrette ordinaire.<\/p>\n<p>Egoutter le ma\u00efs.<\/p>\n<p>D\u00e9poser les lentilles \u00e9goutt\u00e9es dans un saladier.<\/p>\n<p>Arroser avec la vinaigrette.<\/p>\n<p>Ajouter le ma\u00efs et les d\u00e9s d&rsquo;oignons doux.<\/p>\n<p>Parsemer de persil plat cisel\u00e9.<\/p>\n<p>Saler et poivrer.<\/p>\n<p>Verser un peu de vinaigre de framboise.<\/p>\n<p>M\u00e9langer le tout.<\/p>\n<p>Rectifier l&rsquo;assaisonnement si besoin.<\/p>\n<p>Filmer et garder au frais jusqu&rsquo;au moment du repas.<\/p>\n<p>Cette petite salade tr\u00e8s fra\u00eeche permet de manger des f\u00e9culents de mani\u00e8re agr\u00e9able pour toute la famille&#8230;&#8230;&#8230;<\/p>\n<p>&nbsp;<\/p>\n<p>&nbsp;<\/p>\n","protected":false},"excerpt":{"rendered":"<p>&nbsp; &nbsp; &nbsp; 1 bo\u00eete de lentilles 1 oignon doux Vinaigrette Vinaigre de framboise Persil plat 1 bo\u00eete de ma\u00efs Sel et poivre &nbsp; &nbsp; &nbsp; Ouvrir la bo\u00eete de lentilles, les \u00e9goutter et les rincer sous un filet d&rsquo;eau. Couper l&rsquo;oignon doux en petits d\u00e9s. Pr\u00e9parer une vinaigrette ordinaire. Egoutter le ma\u00efs. D\u00e9poser les lentilles \u00e9goutt\u00e9es dans un saladier. Arroser avec la vinaigrette. Ajouter le ma\u00efs et les d\u00e9s d&rsquo;oignons doux. Parsemer de persil plat cisel\u00e9. Saler et poivrer. Verser un peu de vinaigre de framboise. M\u00e9langer le tout. Rectifier l&rsquo;assaisonnement si besoin. Filmer et garder au frais jusqu&rsquo;au moment du repas. Cette petite salade tr\u00e8s fra\u00eeche permet de manger des f\u00e9culents de mani\u00e8re agr\u00e9able pour toute la famille&#8230;&#8230;&#8230; &nbsp; &nbsp;<\/p>\n","protected":false},"author":1,"featured_media":0,"comment_status":"open","ping_status":"open","sticky":false,"template":"","format":"standard","meta":{"footnotes":""},"categories":[475,30,12,296,48,182,120],"tags":[765,5,14,4,15,20,34,19,769,789,485,294,160,21,38,329,196,40,36,6,37,763,764,22,186,28],"class_list":["post-3095","post","type-post","status-publish","format-standard","hentry","category-accommoder-les-restes","category-accompagnement","category-entrees","category-feculents","category-legumes","category-lentilles","category-les-petites-astuces-de-christiane","tag-accompagnement","tag-blog-cuisine","tag-christiane","tag-christiane-cuisine","tag-cuisine","tag-dietetique","tag-entree","tag-facile","tag-legumes","tag-lentilles","tag-mais","tag-oignon-doux","tag-persil-plat","tag-peu-chere","tag-plateau-tele","tag-poivre","tag-poivre-du-moulin","tag-rafraichissant","tag-recette-bistrot","tag-recettes","tag-repas-entre-amis","tag-salade","tag-sans-cuisson","tag-simple","tag-vinaigre-de-framboise","tag-vinaigrette"],"_links":{"self":[{"href":"https:\/\/www.christianecuisine.com\/index.php?rest_route=\/wp\/v2\/posts\/3095"}],"collection":[{"href":"https:\/\/www.christianecuisine.com\/index.php?rest_route=\/wp\/v2\/posts"}],"about":[{"href":"https:\/\/www.christianecuisine.com\/index.php?rest_route=\/wp\/v2\/types\/post"}],"author":[{"embeddable":true,"href":"https:\/\/www.christianecuisine.com\/index.php?rest_route=\/wp\/v2\/users\/1"}],"replies":[{"embeddable":true,"href":"https:\/\/www.christianecuisine.com\/index.php?rest_route=%2Fwp%2Fv2%2Fcomments&post=3095"}],"version-history":[{"count":4,"href":"https:\/\/www.christianecuisine.com\/index.php?rest_route=\/wp\/v2\/posts\/3095\/revisions"}],"predecessor-version":[{"id":3100,"href":"https:\/\/www.christianecuisine.com\/index.php?rest_route=\/wp\/v2\/posts\/3095\/revisions\/3100"}],"wp:attachment":[{"href":"https:\/\/www.christianecuisine.com\/index.php?rest_route=%2Fwp%2Fv2%2Fmedia&parent=3095"}],"wp:term":[{"taxonomy":"category","embeddable":true,"href":"https:\/\/www.christianecuisine.com\/index.php?rest_route=%2Fwp%2Fv2%2Fcategories&post=3095"},{"taxonomy":"post_tag","embeddable":true,"href":"https:\/\/www.christianecuisine.com\/index.php?rest_route=%2Fwp%2Fv2%2Ftags&post=3095"}],"curies":[{"name":"wp","href":"https:\/\/api.w.org\/{rel}","templated":true}]}}