{"id":3033,"date":"2013-02-06T17:07:39","date_gmt":"2013-02-06T16:07:39","guid":{"rendered":"http:\/\/www.christianecuisine.com\/?p=3033"},"modified":"2013-02-06T17:07:39","modified_gmt":"2013-02-06T16:07:39","slug":"salade-de-pennes-aux-mini-poivrons","status":"publish","type":"post","link":"https:\/\/www.christianecuisine.com\/?p=3033","title":{"rendered":"SALADE DE PENNES AUX MINI POIVRONS"},"content":{"rendered":"<p><a href=\"https:\/\/www.christianecuisine.com\/wp-content\/uploads\/2013\/02\/penne.png\"><img loading=\"lazy\" decoding=\"async\" class=\"alignnone size-full wp-image-3034\" title=\"penne\" src=\"https:\/\/www.christianecuisine.com\/wp-content\/uploads\/2013\/02\/penne.png\" alt=\"\" width=\"560\" height=\"1020\" srcset=\"https:\/\/www.christianecuisine.com\/wp-content\/uploads\/2013\/02\/penne.png 560w, https:\/\/www.christianecuisine.com\/wp-content\/uploads\/2013\/02\/penne-164x300.png 164w\" sizes=\"(max-width: 560px) 100vw, 560px\" \/><\/a><\/p>\n<p>&nbsp;<\/p>\n<blockquote><p>Mini poivrons de couleurs<\/p>\n<p>Persil plat<\/p>\n<p>Pennes<\/p>\n<p>Sel et poivre<\/p>\n<p>Vinaigrette<\/p>\n<p>&nbsp;<\/p><\/blockquote>\n<p>&nbsp;<\/p>\n<p>&nbsp;<\/p>\n<p>Cuire les pennes al dente.<\/p>\n<p>R\u00e9server.<\/p>\n<p>Ouvrir les mini poivrons en deux et les \u00e9p\u00e9piner.<\/p>\n<p>Les couper en fines lani\u00e8res.<\/p>\n<p>Ciseler le persil plat.<\/p>\n<p>Ajouter le tout sur les p\u00e2tes ti\u00e8des ou froides.<\/p>\n<p>Arroser d&rsquo;une vinaigrette.<\/p>\n<p>Rectifier l&rsquo;assaisonnement, sel et poivre.<\/p>\n<p>Bien m\u00e9langer l&rsquo;ensemble.<\/p>\n<p>Servir en plat unique ou en accompagnement.<\/p>\n","protected":false},"excerpt":{"rendered":"<p>&nbsp; Mini poivrons de couleurs Persil plat Pennes Sel et poivre Vinaigrette &nbsp; &nbsp; &nbsp; Cuire les pennes al dente. R\u00e9server. Ouvrir les mini poivrons en deux et les \u00e9p\u00e9piner. Les couper en fines lani\u00e8res. Ciseler le persil plat. Ajouter le tout sur les p\u00e2tes ti\u00e8des ou froides. Arroser d&rsquo;une vinaigrette. Rectifier l&rsquo;assaisonnement, sel et poivre. Bien m\u00e9langer l&rsquo;ensemble. Servir en plat unique ou en accompagnement.<\/p>\n","protected":false},"author":1,"featured_media":0,"comment_status":"open","ping_status":"open","sticky":false,"template":"","format":"standard","meta":{"footnotes":""},"categories":[30,296,106,26,10],"tags":[765,5,14,4,15,47,20,34,19,478,476,160,21,35,38,329,477,36,6,37,328,22,28],"class_list":["post-3033","post","type-post","status-publish","format-standard","hentry","category-accompagnement","category-feculents","category-pates-fraiches","category-plat-de-resistance","category-salade","tag-accompagnement","tag-blog-cuisine","tag-christiane","tag-christiane-cuisine","tag-cuisine","tag-cuisson-simple","tag-dietetique","tag-entree","tag-facile","tag-mini-poivrons","tag-pennes","tag-persil-plat","tag-peu-chere","tag-plat","tag-plateau-tele","tag-poivre","tag-poivrons","tag-recette-bistrot","tag-recettes","tag-repas-entre-amis","tag-sel","tag-simple","tag-vinaigrette"],"_links":{"self":[{"href":"https:\/\/www.christianecuisine.com\/index.php?rest_route=\/wp\/v2\/posts\/3033"}],"collection":[{"href":"https:\/\/www.christianecuisine.com\/index.php?rest_route=\/wp\/v2\/posts"}],"about":[{"href":"https:\/\/www.christianecuisine.com\/index.php?rest_route=\/wp\/v2\/types\/post"}],"author":[{"embeddable":true,"href":"https:\/\/www.christianecuisine.com\/index.php?rest_route=\/wp\/v2\/users\/1"}],"replies":[{"embeddable":true,"href":"https:\/\/www.christianecuisine.com\/index.php?rest_route=%2Fwp%2Fv2%2Fcomments&post=3033"}],"version-history":[{"count":12,"href":"https:\/\/www.christianecuisine.com\/index.php?rest_route=\/wp\/v2\/posts\/3033\/revisions"}],"predecessor-version":[{"id":3046,"href":"https:\/\/www.christianecuisine.com\/index.php?rest_route=\/wp\/v2\/posts\/3033\/revisions\/3046"}],"wp:attachment":[{"href":"https:\/\/www.christianecuisine.com\/index.php?rest_route=%2Fwp%2Fv2%2Fmedia&parent=3033"}],"wp:term":[{"taxonomy":"category","embeddable":true,"href":"https:\/\/www.christianecuisine.com\/index.php?rest_route=%2Fwp%2Fv2%2Fcategories&post=3033"},{"taxonomy":"post_tag","embeddable":true,"href":"https:\/\/www.christianecuisine.com\/index.php?rest_route=%2Fwp%2Fv2%2Ftags&post=3033"}],"curies":[{"name":"wp","href":"https:\/\/api.w.org\/{rel}","templated":true}]}}