{"id":2939,"date":"2012-12-13T10:00:02","date_gmt":"2012-12-13T09:00:02","guid":{"rendered":"http:\/\/www.christianecuisine.com\/?p=2939"},"modified":"2012-12-11T16:48:07","modified_gmt":"2012-12-11T15:48:07","slug":"duo-de-carottes","status":"publish","type":"post","link":"https:\/\/www.christianecuisine.com\/?p=2939","title":{"rendered":"DUO DE CAROTTES"},"content":{"rendered":"<p><a href=\"https:\/\/www.christianecuisine.com\/wp-content\/uploads\/2012\/12\/carottes1.png\"><img loading=\"lazy\" decoding=\"async\" class=\"alignnone size-full wp-image-2941\" title=\"carottes\" src=\"https:\/\/www.christianecuisine.com\/wp-content\/uploads\/2012\/12\/carottes1.png\" alt=\"\" width=\"560\" height=\"1020\" srcset=\"https:\/\/www.christianecuisine.com\/wp-content\/uploads\/2012\/12\/carottes1.png 560w, https:\/\/www.christianecuisine.com\/wp-content\/uploads\/2012\/12\/carottes1-164x300.png 164w\" sizes=\"(max-width: 560px) 100vw, 560px\" \/><\/a><\/p>\n<p>&nbsp;<\/p>\n<p>&nbsp;<\/p>\n<blockquote><p>Quelques carottes<\/p>\n<p>Quelques carottes noires<\/p>\n<p>Persil plat<\/p>\n<p>1 oignon doux<\/p>\n<p>1 \u00e9chalote<\/p>\n<p>Vinaigrette<\/p><\/blockquote>\n<p>&nbsp;<\/p>\n<p>&nbsp;<\/p>\n<p>&nbsp;<\/p>\n<p>Peler et r\u00e2per les carottes.<\/p>\n<p>Bien les m\u00e9langer.<\/p>\n<p>Arroser de vinaigrette.<\/p>\n<p>Saler et poivrer.<\/p>\n<p>Ciseler un peu de persil plat.<\/p>\n<p>Parsemer d&rsquo;\u00e9chalote hach\u00e9e.<\/p>\n<p>Terminer avec quelques rondelles d&rsquo;oignon doux.<\/p>\n<p>Servir bien frais.<\/p>\n<p>&nbsp;<\/p>\n<p>&nbsp;<\/p>\n<p>&nbsp;<\/p>\n","protected":false},"excerpt":{"rendered":"<p>&nbsp; &nbsp; Quelques carottes Quelques carottes noires Persil plat 1 oignon doux 1 \u00e9chalote Vinaigrette &nbsp; &nbsp; &nbsp; Peler et r\u00e2per les carottes. Bien les m\u00e9langer. Arroser de vinaigrette. Saler et poivrer. Ciseler un peu de persil plat. Parsemer d&rsquo;\u00e9chalote hach\u00e9e. Terminer avec quelques rondelles d&rsquo;oignon doux. Servir bien frais. &nbsp; &nbsp; &nbsp;<\/p>\n","protected":false},"author":1,"featured_media":0,"comment_status":"open","ping_status":"open","sticky":false,"template":"","format":"standard","meta":{"footnotes":""},"categories":[30,29,12,48,312],"tags":[765,5,43,226,14,4,15,20,157,34,19,769,294,160,21,38,40,36,6,37,763,764,393,22,28],"class_list":["post-2939","post","type-post","status-publish","format-standard","hentry","category-accompagnement","category-assaisonnement","category-entrees","category-legumes","category-verrines","tag-accompagnement","tag-blog-cuisine","tag-carottes","tag-carottes-noires","tag-christiane","tag-christiane-cuisine","tag-cuisine","tag-dietetique","tag-echalote","tag-entree","tag-facile","tag-legumes","tag-oignon-doux","tag-persil-plat","tag-peu-chere","tag-plateau-tele","tag-rafraichissant","tag-recette-bistrot","tag-recettes","tag-repas-entre-amis","tag-salade","tag-sans-cuisson","tag-sel-et-poivre","tag-simple","tag-vinaigrette"],"_links":{"self":[{"href":"https:\/\/www.christianecuisine.com\/index.php?rest_route=\/wp\/v2\/posts\/2939"}],"collection":[{"href":"https:\/\/www.christianecuisine.com\/index.php?rest_route=\/wp\/v2\/posts"}],"about":[{"href":"https:\/\/www.christianecuisine.com\/index.php?rest_route=\/wp\/v2\/types\/post"}],"author":[{"embeddable":true,"href":"https:\/\/www.christianecuisine.com\/index.php?rest_route=\/wp\/v2\/users\/1"}],"replies":[{"embeddable":true,"href":"https:\/\/www.christianecuisine.com\/index.php?rest_route=%2Fwp%2Fv2%2Fcomments&post=2939"}],"version-history":[{"count":4,"href":"https:\/\/www.christianecuisine.com\/index.php?rest_route=\/wp\/v2\/posts\/2939\/revisions"}],"predecessor-version":[{"id":2945,"href":"https:\/\/www.christianecuisine.com\/index.php?rest_route=\/wp\/v2\/posts\/2939\/revisions\/2945"}],"wp:attachment":[{"href":"https:\/\/www.christianecuisine.com\/index.php?rest_route=%2Fwp%2Fv2%2Fmedia&parent=2939"}],"wp:term":[{"taxonomy":"category","embeddable":true,"href":"https:\/\/www.christianecuisine.com\/index.php?rest_route=%2Fwp%2Fv2%2Fcategories&post=2939"},{"taxonomy":"post_tag","embeddable":true,"href":"https:\/\/www.christianecuisine.com\/index.php?rest_route=%2Fwp%2Fv2%2Ftags&post=2939"}],"curies":[{"name":"wp","href":"https:\/\/api.w.org\/{rel}","templated":true}]}}