{"id":293,"date":"2010-02-01T20:19:12","date_gmt":"2010-02-01T19:19:12","guid":{"rendered":"http:\/\/www.christianecuisine.com\/?p=293"},"modified":"2010-02-01T20:19:12","modified_gmt":"2010-02-01T19:19:12","slug":"verrines-de-cappuccino-de-carottes-et-saumon-fume","status":"publish","type":"post","link":"https:\/\/www.christianecuisine.com\/?p=293","title":{"rendered":"VERRINES DE CAPPUCCINO DE CAROTTES ET SAUMON FUME"},"content":{"rendered":"<p><img loading=\"lazy\" decoding=\"async\" class=\"alignnone size-full wp-image-299\" title=\"verrine\" src=\"https:\/\/www.christianecuisine.com\/wp-content\/uploads\/2010\/02\/verrine1.png\" alt=\"verrine\" width=\"560\" height=\"1020\" srcset=\"https:\/\/www.christianecuisine.com\/wp-content\/uploads\/2010\/02\/verrine1.png 560w, https:\/\/www.christianecuisine.com\/wp-content\/uploads\/2010\/02\/verrine1-164x300.png 164w\" sizes=\"(max-width: 560px) 100vw, 560px\" \/><\/p>\n<p>M\u00eame recette de cappuccino de carottes mais servir dans des verrines avec la cr\u00e8me , coriandre et quelques gouttes de vinaigre balsamique.<\/p>\n<p>Servir \u00e0 c\u00f4t\u00e9 dans de petites assiettes, des lamelles de saumon fum\u00e9 avec de la ciboulette cisel\u00e9e<\/p>\n<p>Pr\u00e9voir des petites tranches de pain de campagne \u00e0 peine grill\u00e9es<\/p>\n<p>Tr\u00e8s agr\u00e9able au moment de l&rsquo;ap\u00e9ritif<\/p>\n","protected":false},"excerpt":{"rendered":"<p>M\u00eame recette de cappuccino de carottes mais servir dans des verrines avec la cr\u00e8me , coriandre et quelques gouttes de vinaigre balsamique. Servir \u00e0 c\u00f4t\u00e9 dans de petites assiettes, des lamelles de saumon fum\u00e9 avec de la ciboulette cisel\u00e9e Pr\u00e9voir des petites tranches de pain de campagne \u00e0 peine grill\u00e9es Tr\u00e8s agr\u00e9able au moment de l&rsquo;ap\u00e9ritif<\/p>\n","protected":false},"author":1,"featured_media":0,"comment_status":"open","ping_status":"open","sticky":false,"template":"","format":"standard","meta":{"footnotes":""},"categories":[44,12,48,13],"tags":[765,768,5,43,14,4,15,47,39,34,19,17,769,21,33,40,6,37,16,22],"class_list":["post-293","post","type-post","status-publish","format-standard","hentry","category-aperitif","category-entrees","category-legumes","category-poissons","tag-accompagnement","tag-aperitif","tag-blog-cuisine","tag-carottes","tag-christiane","tag-christiane-cuisine","tag-cuisine","tag-cuisson-simple","tag-elegant","tag-entree","tag-facile","tag-fume","tag-legumes","tag-peu-chere","tag-poisson","tag-rafraichissant","tag-recettes","tag-repas-entre-amis","tag-saumon","tag-simple"],"_links":{"self":[{"href":"https:\/\/www.christianecuisine.com\/index.php?rest_route=\/wp\/v2\/posts\/293"}],"collection":[{"href":"https:\/\/www.christianecuisine.com\/index.php?rest_route=\/wp\/v2\/posts"}],"about":[{"href":"https:\/\/www.christianecuisine.com\/index.php?rest_route=\/wp\/v2\/types\/post"}],"author":[{"embeddable":true,"href":"https:\/\/www.christianecuisine.com\/index.php?rest_route=\/wp\/v2\/users\/1"}],"replies":[{"embeddable":true,"href":"https:\/\/www.christianecuisine.com\/index.php?rest_route=%2Fwp%2Fv2%2Fcomments&post=293"}],"version-history":[{"count":8,"href":"https:\/\/www.christianecuisine.com\/index.php?rest_route=\/wp\/v2\/posts\/293\/revisions"}],"predecessor-version":[{"id":303,"href":"https:\/\/www.christianecuisine.com\/index.php?rest_route=\/wp\/v2\/posts\/293\/revisions\/303"}],"wp:attachment":[{"href":"https:\/\/www.christianecuisine.com\/index.php?rest_route=%2Fwp%2Fv2%2Fmedia&parent=293"}],"wp:term":[{"taxonomy":"category","embeddable":true,"href":"https:\/\/www.christianecuisine.com\/index.php?rest_route=%2Fwp%2Fv2%2Fcategories&post=293"},{"taxonomy":"post_tag","embeddable":true,"href":"https:\/\/www.christianecuisine.com\/index.php?rest_route=%2Fwp%2Fv2%2Ftags&post=293"}],"curies":[{"name":"wp","href":"https:\/\/api.w.org\/{rel}","templated":true}]}}