{"id":2893,"date":"2012-11-21T17:17:10","date_gmt":"2012-11-21T16:17:10","guid":{"rendered":"http:\/\/www.christianecuisine.com\/?p=2893"},"modified":"2013-07-10T14:35:43","modified_gmt":"2013-07-10T13:35:43","slug":"salade-de-pates-aux-courgettes","status":"publish","type":"post","link":"https:\/\/www.christianecuisine.com\/?p=2893","title":{"rendered":"SALADE DE P\u00c2TES AUX COURGETTES"},"content":{"rendered":"<p><a href=\"https:\/\/www.christianecuisine.com\/wp-content\/uploads\/2012\/11\/pates.png\"><img loading=\"lazy\" decoding=\"async\" class=\"alignnone size-full wp-image-2894\" title=\"pates\" src=\"https:\/\/www.christianecuisine.com\/wp-content\/uploads\/2012\/11\/pates.png\" alt=\"\" width=\"560\" height=\"1020\" srcset=\"https:\/\/www.christianecuisine.com\/wp-content\/uploads\/2012\/11\/pates.png 560w, https:\/\/www.christianecuisine.com\/wp-content\/uploads\/2012\/11\/pates-164x300.png 164w\" sizes=\"(max-width: 560px) 100vw, 560px\" \/><\/a><\/p>\n<p>&nbsp;<\/p>\n<p>&nbsp;<\/p>\n<blockquote><p>P\u00e2tes papillon<\/p>\n<p>1 yaourt grec<\/p>\n<p>Courgettes<\/p>\n<p>Persil plat<\/p>\n<p>Coriandre<\/p>\n<p>Huile d&rsquo;olive<\/p>\n<p>1 gousse d&rsquo;ail<\/p>\n<p>Sel et poivre du moulin<\/p><\/blockquote>\n<p>Cuire les p\u00e2tes \u00a0\u00bb al dent\u00e9 \u00ab\u00a0.<\/p>\n<p>Les \u00e9goutter et les laisser ti\u00e8dir.<\/p>\n<p>Laver les courgettes, ne pas les \u00e9plucher.<\/p>\n<p>Les r\u00e2per.<\/p>\n<p>Ciseler le persil plat.<\/p>\n<p>Hacher la gousse d&rsquo;ail en prenant soin d&rsquo;\u00f4ter le germe.<\/p>\n<p>M\u00e9langer le yaourt grec aux p\u00e2tes.<\/p>\n<p>Ajouter les courgettes, le persil cisel\u00e9, l&rsquo;ail.<\/p>\n<p>Bien m\u00e9langer.<\/p>\n<p>Verser un filet d&rsquo;huile d&rsquo;olive, le sel et le poivre du moulin.<\/p>\n<p>M\u00e9langer \u00e0 nouveau, go\u00fbter et rectifier l&rsquo;assaisonnement si besoin.<\/p>\n<p>Filmer et r\u00e9server au frais jusqu&rsquo;au moment du repas.<\/p>\n<p>D\u00e9licieux, surprenant et di\u00e9t\u00e9tique&#8230;&#8230;<\/p>\n","protected":false},"excerpt":{"rendered":"<p>&nbsp; &nbsp; P\u00e2tes papillon 1 yaourt grec Courgettes Persil plat Coriandre Huile d&rsquo;olive 1 gousse d&rsquo;ail Sel et poivre du moulin Cuire les p\u00e2tes \u00a0\u00bb al dent\u00e9 \u00ab\u00a0. Les \u00e9goutter et les laisser ti\u00e8dir. Laver les courgettes, ne pas les \u00e9plucher. Les r\u00e2per. Ciseler le persil plat. Hacher la gousse d&rsquo;ail en prenant soin d&rsquo;\u00f4ter le germe. M\u00e9langer le yaourt grec aux p\u00e2tes. Ajouter les courgettes, le persil cisel\u00e9, l&rsquo;ail. Bien m\u00e9langer. Verser un filet d&rsquo;huile d&rsquo;olive, le sel et le poivre du moulin. M\u00e9langer \u00e0 nouveau, go\u00fbter et rectifier l&rsquo;assaisonnement si besoin. Filmer et r\u00e9server au frais jusqu&rsquo;au moment du repas. D\u00e9licieux, surprenant et di\u00e9t\u00e9tique&#8230;&#8230;<\/p>\n","protected":false},"author":1,"featured_media":0,"comment_status":"open","ping_status":"open","sticky":false,"template":"","format":"standard","meta":{"footnotes":""},"categories":[30,12,296,48],"tags":[765,362,5,14,4,138,15,47,20,34,19,175,769,440,441,160,21,35,38,329,196,40,36,6,37,763,328,22,403,442],"class_list":["post-2893","post","type-post","status-publish","format-standard","hentry","category-accompagnement","category-entrees","category-feculents","category-legumes","tag-accompagnement","tag-ail","tag-blog-cuisine","tag-christiane","tag-christiane-cuisine","tag-courgettes","tag-cuisine","tag-cuisson-simple","tag-dietetique","tag-entree","tag-facile","tag-huile-dolive","tag-legumes","tag-pates","tag-pates-papillon","tag-persil-plat","tag-peu-chere","tag-plat","tag-plateau-tele","tag-poivre","tag-poivre-du-moulin","tag-rafraichissant","tag-recette-bistrot","tag-recettes","tag-repas-entre-amis","tag-salade","tag-sel","tag-simple","tag-yaourt","tag-yaourt-grec"],"_links":{"self":[{"href":"https:\/\/www.christianecuisine.com\/index.php?rest_route=\/wp\/v2\/posts\/2893"}],"collection":[{"href":"https:\/\/www.christianecuisine.com\/index.php?rest_route=\/wp\/v2\/posts"}],"about":[{"href":"https:\/\/www.christianecuisine.com\/index.php?rest_route=\/wp\/v2\/types\/post"}],"author":[{"embeddable":true,"href":"https:\/\/www.christianecuisine.com\/index.php?rest_route=\/wp\/v2\/users\/1"}],"replies":[{"embeddable":true,"href":"https:\/\/www.christianecuisine.com\/index.php?rest_route=%2Fwp%2Fv2%2Fcomments&post=2893"}],"version-history":[{"count":8,"href":"https:\/\/www.christianecuisine.com\/index.php?rest_route=\/wp\/v2\/posts\/2893\/revisions"}],"predecessor-version":[{"id":2900,"href":"https:\/\/www.christianecuisine.com\/index.php?rest_route=\/wp\/v2\/posts\/2893\/revisions\/2900"}],"wp:attachment":[{"href":"https:\/\/www.christianecuisine.com\/index.php?rest_route=%2Fwp%2Fv2%2Fmedia&parent=2893"}],"wp:term":[{"taxonomy":"category","embeddable":true,"href":"https:\/\/www.christianecuisine.com\/index.php?rest_route=%2Fwp%2Fv2%2Fcategories&post=2893"},{"taxonomy":"post_tag","embeddable":true,"href":"https:\/\/www.christianecuisine.com\/index.php?rest_route=%2Fwp%2Fv2%2Ftags&post=2893"}],"curies":[{"name":"wp","href":"https:\/\/api.w.org\/{rel}","templated":true}]}}