{"id":2713,"date":"2012-09-04T10:00:43","date_gmt":"2012-09-04T09:00:43","guid":{"rendered":"http:\/\/www.christianecuisine.com\/?p=2713"},"modified":"2012-08-31T15:40:04","modified_gmt":"2012-08-31T14:40:04","slug":"les-concombres-tordus","status":"publish","type":"post","link":"https:\/\/www.christianecuisine.com\/?p=2713","title":{"rendered":"LES CONCOMBRES TORDUS"},"content":{"rendered":"<p><a href=\"https:\/\/www.christianecuisine.com\/wp-content\/uploads\/2012\/08\/concombres1.png\"><img loading=\"lazy\" decoding=\"async\" class=\"alignnone size-full wp-image-2715\" title=\"concombres\" src=\"https:\/\/www.christianecuisine.com\/wp-content\/uploads\/2012\/08\/concombres1.png\" alt=\"\" width=\"560\" height=\"1020\" srcset=\"https:\/\/www.christianecuisine.com\/wp-content\/uploads\/2012\/08\/concombres1.png 560w, https:\/\/www.christianecuisine.com\/wp-content\/uploads\/2012\/08\/concombres1-164x300.png 164w\" sizes=\"(max-width: 560px) 100vw, 560px\" \/><\/a><\/p>\n<p>&nbsp;<\/p>\n<p>&nbsp;<\/p>\n<blockquote><p>Petite vari\u00e9t\u00e9 tr\u00e8s sympa \u00a0\u00a0\u00bb les concombres tordus \u00a0\u00bb<\/p>\n<p>1 yaourt nature<\/p>\n<p>Ciboulette<\/p>\n<p>Sel et poivre<\/p>\n<p>&nbsp;<\/p><\/blockquote>\n<p>&nbsp;<\/p>\n<p>&nbsp;<\/p>\n<p>Eplucher les concombres.<\/p>\n<p>Les couper en fines tranches.<\/p>\n<p>Les garder nature.<\/p>\n<p>Ajouter un peu de ciboulette au yaourt nature, saler et poivrer.<\/p>\n<p>Filmer et garder au frais.<\/p>\n<p>Servir les concombres avec la sauce au yaourt.<\/p>\n<p>Ces concombres sont d\u00e9licieux, agr\u00e9ables en entr\u00e9e ou \u00e0 l&rsquo;ap\u00e9ro&#8230;&#8230;<\/p>\n<p>&nbsp;<\/p>\n","protected":false},"excerpt":{"rendered":"<p>&nbsp; &nbsp; Petite vari\u00e9t\u00e9 tr\u00e8s sympa \u00a0\u00a0\u00bb les concombres tordus \u00a0\u00bb 1 yaourt nature Ciboulette Sel et poivre &nbsp; &nbsp; &nbsp; Eplucher les concombres. Les couper en fines tranches. Les garder nature. Ajouter un peu de ciboulette au yaourt nature, saler et poivrer. Filmer et garder au frais. Servir les concombres avec la sauce au yaourt. Ces concombres sont d\u00e9licieux, agr\u00e9ables en entr\u00e9e ou \u00e0 l&rsquo;ap\u00e9ro&#8230;&#8230; &nbsp;<\/p>\n","protected":false},"author":1,"featured_media":0,"comment_status":"open","ping_status":"open","sticky":false,"template":"","format":"standard","meta":{"footnotes":""},"categories":[30,44,29,12,48,32],"tags":[765,768,5,14,4,185,401,402,15,20,34,19,769,53,21,38,329,196,40,36,6,37,764,328,22,403,404],"class_list":["post-2713","post","type-post","status-publish","format-standard","hentry","category-accompagnement","category-aperitif","category-assaisonnement","category-entrees","category-legumes","category-sauces","tag-accompagnement","tag-aperitif","tag-blog-cuisine","tag-christiane","tag-christiane-cuisine","tag-ciboulette","tag-concombres","tag-concombres-tordus","tag-cuisine","tag-dietetique","tag-entree","tag-facile","tag-legumes","tag-petits-legumes","tag-peu-chere","tag-plateau-tele","tag-poivre","tag-poivre-du-moulin","tag-rafraichissant","tag-recette-bistrot","tag-recettes","tag-repas-entre-amis","tag-sans-cuisson","tag-sel","tag-simple","tag-yaourt","tag-yaourt-nature"],"_links":{"self":[{"href":"https:\/\/www.christianecuisine.com\/index.php?rest_route=\/wp\/v2\/posts\/2713"}],"collection":[{"href":"https:\/\/www.christianecuisine.com\/index.php?rest_route=\/wp\/v2\/posts"}],"about":[{"href":"https:\/\/www.christianecuisine.com\/index.php?rest_route=\/wp\/v2\/types\/post"}],"author":[{"embeddable":true,"href":"https:\/\/www.christianecuisine.com\/index.php?rest_route=\/wp\/v2\/users\/1"}],"replies":[{"embeddable":true,"href":"https:\/\/www.christianecuisine.com\/index.php?rest_route=%2Fwp%2Fv2%2Fcomments&post=2713"}],"version-history":[{"count":13,"href":"https:\/\/www.christianecuisine.com\/index.php?rest_route=\/wp\/v2\/posts\/2713\/revisions"}],"predecessor-version":[{"id":2728,"href":"https:\/\/www.christianecuisine.com\/index.php?rest_route=\/wp\/v2\/posts\/2713\/revisions\/2728"}],"wp:attachment":[{"href":"https:\/\/www.christianecuisine.com\/index.php?rest_route=%2Fwp%2Fv2%2Fmedia&parent=2713"}],"wp:term":[{"taxonomy":"category","embeddable":true,"href":"https:\/\/www.christianecuisine.com\/index.php?rest_route=%2Fwp%2Fv2%2Fcategories&post=2713"},{"taxonomy":"post_tag","embeddable":true,"href":"https:\/\/www.christianecuisine.com\/index.php?rest_route=%2Fwp%2Fv2%2Ftags&post=2713"}],"curies":[{"name":"wp","href":"https:\/\/api.w.org\/{rel}","templated":true}]}}