{"id":2151,"date":"2011-09-14T16:24:31","date_gmt":"2011-09-14T15:24:31","guid":{"rendered":"http:\/\/www.christianecuisine.com\/?p=2151"},"modified":"2011-09-14T16:24:31","modified_gmt":"2011-09-14T15:24:31","slug":"variante-autour-du-gaspacho-carotte-orange","status":"publish","type":"post","link":"https:\/\/www.christianecuisine.com\/?p=2151","title":{"rendered":"VARIANTE AUTOUR DU GASPACHO CAROTTE ORANGE"},"content":{"rendered":"<p><a href=\"https:\/\/www.christianecuisine.com\/wp-content\/uploads\/2011\/08\/gaspacho.png\"><img loading=\"lazy\" decoding=\"async\" class=\"alignnone size-full wp-image-2152\" title=\"gaspacho\" src=\"https:\/\/www.christianecuisine.com\/wp-content\/uploads\/2011\/08\/gaspacho.png\" alt=\"\" width=\"560\" height=\"1020\" srcset=\"https:\/\/www.christianecuisine.com\/wp-content\/uploads\/2011\/08\/gaspacho.png 560w, https:\/\/www.christianecuisine.com\/wp-content\/uploads\/2011\/08\/gaspacho-164x300.png 164w\" sizes=\"(max-width: 560px) 100vw, 560px\" \/><\/a><\/p>\n<p>Il s&rsquo;agit de cette tr\u00e8s jolie recette \u00a0<a href=\"https:\/\/www.christianecuisine.com\/?p=2104\" target=\"_blank\">\u00a0\u00bb LE GASPACHO CAROTTE ORANGE \u00ab\u00a0<\/a><\/p>\n<p>Il suffit de faire la m\u00eame chose, mais au moment de pr\u00e9parer les assiettes&#8230;&#8230;<\/p>\n<p>Il faut ajouter une pinc\u00e9e de cumin en poudre, bien m\u00e9langer&#8230;&#8230;<\/p>\n<p>D\u00e9corer de quelques anneaux d&rsquo;oignons doux&#8230;&#8230;<\/p>\n<p>D\u00e9poser quelques sup\u00eames d&rsquo;orange&#8230;&#8230;&#8230;<\/p>\n<p>Un peu de poivre du moulin&#8230;&#8230;&#8230;<\/p>\n<p>Et terminer en \u00e9grenant un peu de thym citronn\u00e9&#8230;&#8230;<\/p>\n<p>Servir bien frais&#8230;&#8230;&#8230; Un vrai r\u00e9gal&#8230;..<\/p>\n","protected":false},"excerpt":{"rendered":"<p>Il s&rsquo;agit de cette tr\u00e8s jolie recette \u00a0\u00a0\u00bb LE GASPACHO CAROTTE ORANGE \u00ab\u00a0 Il suffit de faire la m\u00eame chose, mais au moment de pr\u00e9parer les assiettes&#8230;&#8230; Il faut ajouter une pinc\u00e9e de cumin en poudre, bien m\u00e9langer&#8230;&#8230; D\u00e9corer de quelques anneaux d&rsquo;oignons doux&#8230;&#8230; D\u00e9poser quelques sup\u00eames d&rsquo;orange&#8230;&#8230;&#8230; Un peu de poivre du moulin&#8230;&#8230;&#8230; Et terminer en \u00e9grenant un peu de thym citronn\u00e9&#8230;&#8230; Servir bien frais&#8230;&#8230;&#8230; Un vrai r\u00e9gal&#8230;..<\/p>\n","protected":false},"author":1,"featured_media":0,"comment_status":"open","ping_status":"open","sticky":false,"template":"","format":"standard","meta":{"footnotes":""},"categories":[141,29,31,12,55,48,120],"tags":[765,18,5,43,14,4,766,15,47,228,20,39,34,19,770,769,173,11,21,35,38,40,36,6,37,22,215],"class_list":["post-2151","post","type-post","status-publish","format-standard","hentry","category-agrume","category-assaisonnement","category-condiments","category-entrees","category-fruits","category-legumes","category-les-petites-astuces-de-christiane","tag-accompagnement","tag-agrumes","tag-blog-cuisine","tag-carottes","tag-christiane","tag-christiane-cuisine","tag-condiments","tag-cuisine","tag-cuisson-simple","tag-cumin","tag-dietetique","tag-elegant","tag-entree","tag-facile","tag-fruits","tag-legumes","tag-oignons-doux","tag-orange","tag-peu-chere","tag-plat","tag-plateau-tele","tag-rafraichissant","tag-recette-bistrot","tag-recettes","tag-repas-entre-amis","tag-simple","tag-thym-citronne"],"_links":{"self":[{"href":"https:\/\/www.christianecuisine.com\/index.php?rest_route=\/wp\/v2\/posts\/2151"}],"collection":[{"href":"https:\/\/www.christianecuisine.com\/index.php?rest_route=\/wp\/v2\/posts"}],"about":[{"href":"https:\/\/www.christianecuisine.com\/index.php?rest_route=\/wp\/v2\/types\/post"}],"author":[{"embeddable":true,"href":"https:\/\/www.christianecuisine.com\/index.php?rest_route=\/wp\/v2\/users\/1"}],"replies":[{"embeddable":true,"href":"https:\/\/www.christianecuisine.com\/index.php?rest_route=%2Fwp%2Fv2%2Fcomments&post=2151"}],"version-history":[{"count":7,"href":"https:\/\/www.christianecuisine.com\/index.php?rest_route=\/wp\/v2\/posts\/2151\/revisions"}],"predecessor-version":[{"id":2192,"href":"https:\/\/www.christianecuisine.com\/index.php?rest_route=\/wp\/v2\/posts\/2151\/revisions\/2192"}],"wp:attachment":[{"href":"https:\/\/www.christianecuisine.com\/index.php?rest_route=%2Fwp%2Fv2%2Fmedia&parent=2151"}],"wp:term":[{"taxonomy":"category","embeddable":true,"href":"https:\/\/www.christianecuisine.com\/index.php?rest_route=%2Fwp%2Fv2%2Fcategories&post=2151"},{"taxonomy":"post_tag","embeddable":true,"href":"https:\/\/www.christianecuisine.com\/index.php?rest_route=%2Fwp%2Fv2%2Ftags&post=2151"}],"curies":[{"name":"wp","href":"https:\/\/api.w.org\/{rel}","templated":true}]}}