{"id":2055,"date":"2011-06-15T17:56:12","date_gmt":"2011-06-15T16:56:12","guid":{"rendered":"http:\/\/www.christianecuisine.com\/?p=2055"},"modified":"2011-06-15T17:56:12","modified_gmt":"2011-06-15T16:56:12","slug":"petit-mignon-de-veau-galettes-de-pommes-de-terre-et-fines-herbes","status":"publish","type":"post","link":"https:\/\/www.christianecuisine.com\/?p=2055","title":{"rendered":"PETIT MIGNON DE VEAU GALETTES DE POMMES DE TERRE ET FINES HERBES"},"content":{"rendered":"<p><a href=\"https:\/\/www.christianecuisine.com\/wp-content\/uploads\/2011\/06\/veau1.png\"><img loading=\"lazy\" decoding=\"async\" class=\"alignnone size-full wp-image-2056\" title=\"veau1\" src=\"https:\/\/www.christianecuisine.com\/wp-content\/uploads\/2011\/06\/veau1.png\" alt=\"\" width=\"560\" height=\"1020\" srcset=\"https:\/\/www.christianecuisine.com\/wp-content\/uploads\/2011\/06\/veau1.png 560w, https:\/\/www.christianecuisine.com\/wp-content\/uploads\/2011\/06\/veau1-164x300.png 164w\" sizes=\"(max-width: 560px) 100vw, 560px\" \/><\/a><a href=\"https:\/\/www.christianecuisine.com\/wp-content\/uploads\/2011\/06\/veau2.png\"><img loading=\"lazy\" decoding=\"async\" class=\"alignnone size-full wp-image-2057\" title=\"veau2\" src=\"https:\/\/www.christianecuisine.com\/wp-content\/uploads\/2011\/06\/veau2.png\" alt=\"\" width=\"560\" height=\"586\" srcset=\"https:\/\/www.christianecuisine.com\/wp-content\/uploads\/2011\/06\/veau2.png 560w, https:\/\/www.christianecuisine.com\/wp-content\/uploads\/2011\/06\/veau2-286x300.png 286w\" sizes=\"(max-width: 560px) 100vw, 560px\" \/><\/a><\/p>\n<blockquote><p>Mignon de veau<\/p>\n<p>Pommes de terre<\/p>\n<p>Persil plat<\/p>\n<p>Ciboulette<\/p>\n<p>Oignons doux ou \u00e9chalotes<\/p>\n<p>1 oeuf<\/p>\n<p>Un peu de farine<\/p>\n<p>Beurre<\/p>\n<p>Huile d&rsquo;olive<\/p>\n<p>Sel et poivre<\/p>\n<p>Petites tomates pour la couleur<\/p><\/blockquote>\n<p>Les galettes de pommes de terre :<\/p>\n<p>Eplucher les pommes de terre, les r\u00e2per.<\/p>\n<p>Les \u00e9goutter mais surtout ne pas les laver.<\/p>\n<p>Saupoudrer un peu de farine.<\/p>\n<p>Ajouter les oignons doux hach\u00e9s ( ou les \u00e9chalotes ), le persil plat cisel\u00e9 et la ciboulette.<\/p>\n<p>Bien m\u00e9langer puis ajouter l&rsquo;oeuf. M\u00e9langer \u00e0 nouveau.<\/p>\n<p>Saler et poivrer.<\/p>\n<p>Former les galettes.<\/p>\n<p>Verser un peu d&rsquo;huile d&rsquo;olive dans une po\u00eale et ajouter quelques noisettes de beurre.<\/p>\n<p>D\u00e9poser les galettes et les colorer de chaque c\u00f4t\u00e9. Cuire doucement quelques minutes.<\/p>\n<p>R\u00e9server.<\/p>\n<p>Le mignon de veau :<\/p>\n<p>Le couper en deux dans le sens de l&rsquo;\u00e9paisseur.<\/p>\n<p>Le saisir dans un peu d&rsquo;huile d&rsquo;olive sur feu vif, le retourner et laisser quelques minutes sur feu doux.<\/p>\n<p>Je l&rsquo;aime ros\u00e9, mais suivant les go\u00fbts augmenter quelques minutes la cuisson.<\/p>\n<p>Saler et poivrer.<\/p>\n<p>Pr\u00e9voir des assiettes chaudes, d\u00e9poser le mignon de veau, les galettes de pommes de terre et d\u00e9corer de quelques petites tomates&#8230;&#8230;&#8230;.<\/p>\n<p>Une petite salade de saison et voil\u00e0 un repas tr\u00e8s simple et savoureux&#8230;&#8230;&#8230;<\/p>\n","protected":false},"excerpt":{"rendered":"<p>Mignon de veau Pommes de terre Persil plat Ciboulette Oignons doux ou \u00e9chalotes 1 oeuf Un peu de farine Beurre Huile d&rsquo;olive Sel et poivre Petites tomates pour la couleur Les galettes de pommes de terre : Eplucher les pommes de terre, les r\u00e2per. Les \u00e9goutter mais surtout ne pas les laver. Saupoudrer un peu de farine. Ajouter les oignons doux hach\u00e9s ( ou les \u00e9chalotes ), le persil plat cisel\u00e9 et la ciboulette. Bien m\u00e9langer puis ajouter l&rsquo;oeuf. M\u00e9langer \u00e0 nouveau. Saler et poivrer. Former les galettes. Verser un peu d&rsquo;huile d&rsquo;olive dans une po\u00eale et ajouter quelques noisettes de beurre. D\u00e9poser les galettes et les colorer de chaque c\u00f4t\u00e9. Cuire doucement quelques minutes. R\u00e9server. Le mignon de veau : Le couper en deux dans le sens de l&rsquo;\u00e9paisseur. Le saisir dans un peu d&rsquo;huile d&rsquo;olive sur feu vif, le retourner et laisser quelques minutes sur feu doux. Je l&rsquo;aime ros\u00e9, mais suivant les go\u00fbts augmenter quelques minutes la cuisson. Saler et poivrer. Pr\u00e9voir des assiettes chaudes, d\u00e9poser le mignon de veau, les galettes de pommes de terre et d\u00e9corer de quelques petites tomates&#8230;&#8230;&#8230;. Une petite salade de saison et voil\u00e0 un repas tr\u00e8s simple et savoureux&#8230;&#8230;&#8230;<\/p>\n","protected":false},"author":1,"featured_media":0,"comment_status":"open","ping_status":"open","sticky":false,"template":"","format":"standard","meta":{"footnotes":""},"categories":[26,95,7],"tags":[765,5,14,4,15,47,19,175,257,258,160,259,35,38,51,36,37,763,22,256],"class_list":["post-2055","post","type-post","status-publish","format-standard","hentry","category-plat-de-resistance","category-viande-blanche","category-viandes","tag-accompagnement","tag-blog-cuisine","tag-christiane","tag-christiane-cuisine","tag-cuisine","tag-cuisson-simple","tag-facile","tag-huile-dolive","tag-mignon-de-veau","tag-oeuf","tag-persil-plat","tag-petites-tomates","tag-plat","tag-plateau-tele","tag-pomme-de-terre","tag-recette-bistrot","tag-repas-entre-amis","tag-salade","tag-simple","tag-veau"],"_links":{"self":[{"href":"https:\/\/www.christianecuisine.com\/index.php?rest_route=\/wp\/v2\/posts\/2055"}],"collection":[{"href":"https:\/\/www.christianecuisine.com\/index.php?rest_route=\/wp\/v2\/posts"}],"about":[{"href":"https:\/\/www.christianecuisine.com\/index.php?rest_route=\/wp\/v2\/types\/post"}],"author":[{"embeddable":true,"href":"https:\/\/www.christianecuisine.com\/index.php?rest_route=\/wp\/v2\/users\/1"}],"replies":[{"embeddable":true,"href":"https:\/\/www.christianecuisine.com\/index.php?rest_route=%2Fwp%2Fv2%2Fcomments&post=2055"}],"version-history":[{"count":3,"href":"https:\/\/www.christianecuisine.com\/index.php?rest_route=\/wp\/v2\/posts\/2055\/revisions"}],"predecessor-version":[{"id":2060,"href":"https:\/\/www.christianecuisine.com\/index.php?rest_route=\/wp\/v2\/posts\/2055\/revisions\/2060"}],"wp:attachment":[{"href":"https:\/\/www.christianecuisine.com\/index.php?rest_route=%2Fwp%2Fv2%2Fmedia&parent=2055"}],"wp:term":[{"taxonomy":"category","embeddable":true,"href":"https:\/\/www.christianecuisine.com\/index.php?rest_route=%2Fwp%2Fv2%2Fcategories&post=2055"},{"taxonomy":"post_tag","embeddable":true,"href":"https:\/\/www.christianecuisine.com\/index.php?rest_route=%2Fwp%2Fv2%2Ftags&post=2055"}],"curies":[{"name":"wp","href":"https:\/\/api.w.org\/{rel}","templated":true}]}}