{"id":1826,"date":"2011-03-10T10:00:02","date_gmt":"2011-03-10T09:00:02","guid":{"rendered":"http:\/\/www.christianecuisine.com\/?p=1826"},"modified":"2011-03-08T18:12:26","modified_gmt":"2011-03-08T17:12:26","slug":"galettes-mexicaines","status":"publish","type":"post","link":"https:\/\/www.christianecuisine.com\/?p=1826","title":{"rendered":"GALETTES MEXICAINES"},"content":{"rendered":"<p><a href=\"https:\/\/www.christianecuisine.com\/wp-content\/uploads\/2011\/03\/galettes.png\"><img loading=\"lazy\" decoding=\"async\" class=\"alignnone size-full wp-image-1827\" title=\"galettes\" src=\"https:\/\/www.christianecuisine.com\/wp-content\/uploads\/2011\/03\/galettes.png\" alt=\"\" width=\"560\" height=\"1020\" srcset=\"https:\/\/www.christianecuisine.com\/wp-content\/uploads\/2011\/03\/galettes.png 560w, https:\/\/www.christianecuisine.com\/wp-content\/uploads\/2011\/03\/galettes-164x300.png 164w\" sizes=\"(max-width: 560px) 100vw, 560px\" \/><\/a><\/p>\n<blockquote><p>Galettes de ma\u00efs pour tortillas Oldelpaso<\/p>\n<p>M\u00e9lange d&rsquo;\u00e9pices pour le guacamole Oldelpaso<\/p>\n<p>Sel et poivre<\/p>\n<p>1 ou 2 avocats<\/p>\n<p>Tomates<\/p>\n<p>Cr\u00e8me fra\u00eeche<\/p>\n<p>Viande de boeuf hach\u00e9e<\/p>\n<p>Oignons doux<\/p>\n<p>Gruy\u00e8re r\u00e2p\u00e9<\/p>\n<p>Salade<\/p><\/blockquote>\n<p>Faire revenir la viande hach\u00e9e, saler et poivrer. \u00a0R\u00e9server.<\/p>\n<p>Ebouillanter les tomates, les peler, les couper en petits d\u00e9s.<\/p>\n<p>Ecraser les avocats, les m\u00e9langer \u00e0 la poudre sp\u00e9ciale guacamole.<\/p>\n<p>Eplucher les oignons doux, les couper en rondelles. D\u00e9tacher les anneaux.<\/p>\n<p>pr\u00e9parer la salade verte, ( laitue ou batavia ) \u00a0la couper en lani\u00e8res.<\/p>\n<p>Pr\u00e9senter l&rsquo;ensemble des ingr\u00e9dients sur la table et chacun pourra selon ses go\u00fbts garnir sa galette de ma\u00efs qu&rsquo;il fermera \u00e0 l&rsquo;aide d&rsquo;un petit pique en bois. Un passage au micro-ondes de 1 \u00e0 2 minutes et hop le tour est jou\u00e9&#8230;..<\/p>\n<p>Tr\u00e8s sympa pour une petite soir\u00e9e en famille&#8230;&#8230;..<\/p>\n<p>Moi j&rsquo;aime ma galette avec quelques d\u00e9s de tomate, un peu de viande hach\u00e9e, des rondelles d&rsquo;oignon doux, du guacamole, quelques lani\u00e8res de salade verte, de la cr\u00e8me fra\u00eeche et un peu de gruy\u00e8re. je la ferme avec un pique. Hop au micro-ondes&#8230;&#8230;&#8230; Et c&rsquo;est le bonheur&#8230;&#8230;<\/p>\n<p>D\u00e9licieux et tr\u00e8s facile&#8230;&#8230;.<\/p>\n","protected":false},"excerpt":{"rendered":"<p>Galettes de ma\u00efs pour tortillas Oldelpaso M\u00e9lange d&rsquo;\u00e9pices pour le guacamole Oldelpaso Sel et poivre 1 ou 2 avocats Tomates Cr\u00e8me fra\u00eeche Viande de boeuf hach\u00e9e Oignons doux Gruy\u00e8re r\u00e2p\u00e9 Salade Faire revenir la viande hach\u00e9e, saler et poivrer. \u00a0R\u00e9server. Ebouillanter les tomates, les peler, les couper en petits d\u00e9s. Ecraser les avocats, les m\u00e9langer \u00e0 la poudre sp\u00e9ciale guacamole. Eplucher les oignons doux, les couper en rondelles. D\u00e9tacher les anneaux. pr\u00e9parer la salade verte, ( laitue ou batavia ) \u00a0la couper en lani\u00e8res. Pr\u00e9senter l&rsquo;ensemble des ingr\u00e9dients sur la table et chacun pourra selon ses go\u00fbts garnir sa galette de ma\u00efs qu&rsquo;il fermera \u00e0 l&rsquo;aide d&rsquo;un petit pique en bois. Un passage au micro-ondes de 1 \u00e0 2 minutes et hop le tour est jou\u00e9&#8230;.. Tr\u00e8s sympa pour une petite soir\u00e9e en famille&#8230;&#8230;.. Moi j&rsquo;aime ma galette avec quelques d\u00e9s de tomate, un peu de viande hach\u00e9e, des rondelles d&rsquo;oignon doux, du guacamole, quelques lani\u00e8res de salade verte, de la cr\u00e8me fra\u00eeche et un peu de gruy\u00e8re. je la ferme avec un pique. Hop au micro-ondes&#8230;&#8230;&#8230; Et c&rsquo;est le bonheur&#8230;&#8230; D\u00e9licieux et tr\u00e8s facile&#8230;&#8230;.<\/p>\n","protected":false},"author":1,"featured_media":0,"comment_status":"open","ping_status":"open","sticky":false,"template":"","format":"standard","meta":{"footnotes":""},"categories":[29,162,12,26,32,7],"tags":[765,165,5,14,4,766,166,15,34,19,107,167,168,171,164,172,21,35,38,40,36,6,37,763,22,170,163,169],"class_list":["post-1826","post","type-post","status-publish","format-standard","hentry","category-assaisonnement","category-cuisson-micro-ondes","category-entrees","category-plat-de-resistance","category-sauces","category-viandes","tag-accompagnement","tag-avocat","tag-blog-cuisine","tag-christiane","tag-christiane-cuisine","tag-condiments","tag-creme-fraiche","tag-cuisine","tag-entree","tag-facile","tag-galettes","tag-gruyere","tag-gruyere-rape","tag-guacamole","tag-mexicaines","tag-micro-ondes","tag-peu-chere","tag-plat","tag-plateau-tele","tag-rafraichissant","tag-recette-bistrot","tag-recettes","tag-repas-entre-amis","tag-salade","tag-simple","tag-tomates","tag-tortillas","tag-viande-hachee"],"_links":{"self":[{"href":"https:\/\/www.christianecuisine.com\/index.php?rest_route=\/wp\/v2\/posts\/1826"}],"collection":[{"href":"https:\/\/www.christianecuisine.com\/index.php?rest_route=\/wp\/v2\/posts"}],"about":[{"href":"https:\/\/www.christianecuisine.com\/index.php?rest_route=\/wp\/v2\/types\/post"}],"author":[{"embeddable":true,"href":"https:\/\/www.christianecuisine.com\/index.php?rest_route=\/wp\/v2\/users\/1"}],"replies":[{"embeddable":true,"href":"https:\/\/www.christianecuisine.com\/index.php?rest_route=%2Fwp%2Fv2%2Fcomments&post=1826"}],"version-history":[{"count":8,"href":"https:\/\/www.christianecuisine.com\/index.php?rest_route=\/wp\/v2\/posts\/1826\/revisions"}],"predecessor-version":[{"id":1835,"href":"https:\/\/www.christianecuisine.com\/index.php?rest_route=\/wp\/v2\/posts\/1826\/revisions\/1835"}],"wp:attachment":[{"href":"https:\/\/www.christianecuisine.com\/index.php?rest_route=%2Fwp%2Fv2%2Fmedia&parent=1826"}],"wp:term":[{"taxonomy":"category","embeddable":true,"href":"https:\/\/www.christianecuisine.com\/index.php?rest_route=%2Fwp%2Fv2%2Fcategories&post=1826"},{"taxonomy":"post_tag","embeddable":true,"href":"https:\/\/www.christianecuisine.com\/index.php?rest_route=%2Fwp%2Fv2%2Ftags&post=1826"}],"curies":[{"name":"wp","href":"https:\/\/api.w.org\/{rel}","templated":true}]}}