{"id":1506,"date":"2010-11-04T10:00:30","date_gmt":"2010-11-04T09:00:30","guid":{"rendered":"http:\/\/www.christianecuisine.com\/?p=1506"},"modified":"2010-11-01T18:52:37","modified_gmt":"2010-11-01T17:52:37","slug":"chou-cru-vinaigrette","status":"publish","type":"post","link":"https:\/\/www.christianecuisine.com\/?p=1506","title":{"rendered":"CHOU CRU VINAIGRETTE"},"content":{"rendered":"<p><a href=\"https:\/\/www.christianecuisine.com\/wp-content\/uploads\/2010\/11\/chou.png\"><img loading=\"lazy\" decoding=\"async\" class=\"alignnone size-full wp-image-1507\" title=\"chou\" src=\"https:\/\/www.christianecuisine.com\/wp-content\/uploads\/2010\/11\/chou.png\" alt=\"\" width=\"560\" height=\"1020\" srcset=\"https:\/\/www.christianecuisine.com\/wp-content\/uploads\/2010\/11\/chou.png 560w, https:\/\/www.christianecuisine.com\/wp-content\/uploads\/2010\/11\/chou-164x300.png 164w\" sizes=\"(max-width: 560px) 100vw, 560px\" \/><\/a><\/p>\n<blockquote><p>1 chou vert<\/p>\n<p>Persil plat<\/p>\n<p>Pour la vinaigrette:<\/p>\n<p>&#8211; Huile d&rsquo;arachide<\/p>\n<p>&#8211; Vinaigre de vin<\/p>\n<p>&#8211; Moutarde<\/p>\n<p>&#8211; Sel et poivre<\/p><\/blockquote>\n<p>\u00d4ter les grosses feuilles du chou, bien le nettoyer et le couper en quatre.<\/p>\n<p>Le r\u00e2per fa\u00e7on carottes avec la grosse grille.<\/p>\n<p>Pr\u00e9parer la vinaigrette et l&rsquo;ajouter au chou, bien m\u00e9langer et r\u00e9server au r\u00e9frig\u00e9rateur.<\/p>\n<p>Ciseler du persil plat sur le chou, m\u00e9langer \u00e0 nouveau et servir aussit\u00f4t.<\/p>\n<p>Une petite entr\u00e9e agr\u00e9able et fra\u00eeche&#8230;..<\/p>\n","protected":false},"excerpt":{"rendered":"<p>1 chou vert Persil plat Pour la vinaigrette: &#8211; Huile d&rsquo;arachide &#8211; Vinaigre de vin &#8211; Moutarde &#8211; Sel et poivre \u00d4ter les grosses feuilles du chou, bien le nettoyer et le couper en quatre. Le r\u00e2per fa\u00e7on carottes avec la grosse grille. Pr\u00e9parer la vinaigrette et l&rsquo;ajouter au chou, bien m\u00e9langer et r\u00e9server au r\u00e9frig\u00e9rateur. Ciseler du persil plat sur le chou, m\u00e9langer \u00e0 nouveau et servir aussit\u00f4t. Une petite entr\u00e9e agr\u00e9able et fra\u00eeche&#8230;..<\/p>\n","protected":false},"author":1,"featured_media":0,"comment_status":"open","ping_status":"open","sticky":false,"template":"","format":"standard","meta":{"footnotes":""},"categories":[12,48],"tags":[5,14,4,15,20,34,19,769,21,38,40,36,6,37,763,764,22,28],"class_list":["post-1506","post","type-post","status-publish","format-standard","hentry","category-entrees","category-legumes","tag-blog-cuisine","tag-christiane","tag-christiane-cuisine","tag-cuisine","tag-dietetique","tag-entree","tag-facile","tag-legumes","tag-peu-chere","tag-plateau-tele","tag-rafraichissant","tag-recette-bistrot","tag-recettes","tag-repas-entre-amis","tag-salade","tag-sans-cuisson","tag-simple","tag-vinaigrette"],"_links":{"self":[{"href":"https:\/\/www.christianecuisine.com\/index.php?rest_route=\/wp\/v2\/posts\/1506"}],"collection":[{"href":"https:\/\/www.christianecuisine.com\/index.php?rest_route=\/wp\/v2\/posts"}],"about":[{"href":"https:\/\/www.christianecuisine.com\/index.php?rest_route=\/wp\/v2\/types\/post"}],"author":[{"embeddable":true,"href":"https:\/\/www.christianecuisine.com\/index.php?rest_route=\/wp\/v2\/users\/1"}],"replies":[{"embeddable":true,"href":"https:\/\/www.christianecuisine.com\/index.php?rest_route=%2Fwp%2Fv2%2Fcomments&post=1506"}],"version-history":[{"count":4,"href":"https:\/\/www.christianecuisine.com\/index.php?rest_route=\/wp\/v2\/posts\/1506\/revisions"}],"predecessor-version":[{"id":1511,"href":"https:\/\/www.christianecuisine.com\/index.php?rest_route=\/wp\/v2\/posts\/1506\/revisions\/1511"}],"wp:attachment":[{"href":"https:\/\/www.christianecuisine.com\/index.php?rest_route=%2Fwp%2Fv2%2Fmedia&parent=1506"}],"wp:term":[{"taxonomy":"category","embeddable":true,"href":"https:\/\/www.christianecuisine.com\/index.php?rest_route=%2Fwp%2Fv2%2Fcategories&post=1506"},{"taxonomy":"post_tag","embeddable":true,"href":"https:\/\/www.christianecuisine.com\/index.php?rest_route=%2Fwp%2Fv2%2Ftags&post=1506"}],"curies":[{"name":"wp","href":"https:\/\/api.w.org\/{rel}","templated":true}]}}