{"id":1462,"date":"2010-10-20T10:00:52","date_gmt":"2010-10-20T09:00:52","guid":{"rendered":"http:\/\/www.christianecuisine.com\/?p=1462"},"modified":"2010-10-16T16:29:53","modified_gmt":"2010-10-16T15:29:53","slug":"salade-de-haricots-verts","status":"publish","type":"post","link":"https:\/\/www.christianecuisine.com\/?p=1462","title":{"rendered":"SALADE DE HARICOTS VERTS"},"content":{"rendered":"<p><a href=\"https:\/\/www.christianecuisine.com\/wp-content\/uploads\/2010\/10\/haricots.png\"><img loading=\"lazy\" decoding=\"async\" class=\"alignnone size-full wp-image-1463\" title=\"haricots\" src=\"https:\/\/www.christianecuisine.com\/wp-content\/uploads\/2010\/10\/haricots.png\" alt=\"\" width=\"560\" height=\"1020\" srcset=\"https:\/\/www.christianecuisine.com\/wp-content\/uploads\/2010\/10\/haricots.png 560w, https:\/\/www.christianecuisine.com\/wp-content\/uploads\/2010\/10\/haricots-164x300.png 164w\" sizes=\"(max-width: 560px) 100vw, 560px\" \/><\/a><\/p>\n<blockquote><p>Haricots verts<\/p>\n<p>Echalotes<\/p>\n<p>Persil plat<\/p>\n<p>Huile d&rsquo;olive<\/p>\n<p>Sel et poivre<\/p><\/blockquote>\n<p>Cuire les haricots verts \u00e0 la vapeur.<\/p>\n<p>Laisser refroidir.<\/p>\n<p>Mettre les haricots dans un saladier, ajouter les \u00a0\u00e9chalotes coup\u00e9es en rondelles.<\/p>\n<p>Ajouter un filet d&rsquo;huile d&rsquo;olive, du persil plat cisel\u00e9, du sel fin et du poivre du moulin.<\/p>\n<p>Bien m\u00e9langer et servir.<\/p>\n<p>Variante, on peut \u00e9galement les servir ti\u00e8des avec une vinaigrette ou avec un peu d&rsquo;ail.<\/p>\n<p>En entr\u00e9e ou en accompagnement c&rsquo;est simple, d\u00e9licieux et di\u00e9t\u00e9tique&#8230;&#8230;<\/p>\n","protected":false},"excerpt":{"rendered":"<p>Haricots verts Echalotes Persil plat Huile d&rsquo;olive Sel et poivre Cuire les haricots verts \u00e0 la vapeur. Laisser refroidir. Mettre les haricots dans un saladier, ajouter les \u00a0\u00e9chalotes coup\u00e9es en rondelles. Ajouter un filet d&rsquo;huile d&rsquo;olive, du persil plat cisel\u00e9, du sel fin et du poivre du moulin. Bien m\u00e9langer et servir. Variante, on peut \u00e9galement les servir ti\u00e8des avec une vinaigrette ou avec un peu d&rsquo;ail. En entr\u00e9e ou en accompagnement c&rsquo;est simple, d\u00e9licieux et di\u00e9t\u00e9tique&#8230;&#8230;<\/p>\n","protected":false},"author":1,"featured_media":0,"comment_status":"open","ping_status":"open","sticky":false,"template":"","format":"standard","meta":{"footnotes":""},"categories":[12,48],"tags":[765,5,14,4,15,47,20,34,19,769,21,35,38,40,36,6,37,763,22,50,28],"class_list":["post-1462","post","type-post","status-publish","format-standard","hentry","category-entrees","category-legumes","tag-accompagnement","tag-blog-cuisine","tag-christiane","tag-christiane-cuisine","tag-cuisine","tag-cuisson-simple","tag-dietetique","tag-entree","tag-facile","tag-legumes","tag-peu-chere","tag-plat","tag-plateau-tele","tag-rafraichissant","tag-recette-bistrot","tag-recettes","tag-repas-entre-amis","tag-salade","tag-simple","tag-vapeur","tag-vinaigrette"],"_links":{"self":[{"href":"https:\/\/www.christianecuisine.com\/index.php?rest_route=\/wp\/v2\/posts\/1462"}],"collection":[{"href":"https:\/\/www.christianecuisine.com\/index.php?rest_route=\/wp\/v2\/posts"}],"about":[{"href":"https:\/\/www.christianecuisine.com\/index.php?rest_route=\/wp\/v2\/types\/post"}],"author":[{"embeddable":true,"href":"https:\/\/www.christianecuisine.com\/index.php?rest_route=\/wp\/v2\/users\/1"}],"replies":[{"embeddable":true,"href":"https:\/\/www.christianecuisine.com\/index.php?rest_route=%2Fwp%2Fv2%2Fcomments&post=1462"}],"version-history":[{"count":4,"href":"https:\/\/www.christianecuisine.com\/index.php?rest_route=\/wp\/v2\/posts\/1462\/revisions"}],"predecessor-version":[{"id":1467,"href":"https:\/\/www.christianecuisine.com\/index.php?rest_route=\/wp\/v2\/posts\/1462\/revisions\/1467"}],"wp:attachment":[{"href":"https:\/\/www.christianecuisine.com\/index.php?rest_route=%2Fwp%2Fv2%2Fmedia&parent=1462"}],"wp:term":[{"taxonomy":"category","embeddable":true,"href":"https:\/\/www.christianecuisine.com\/index.php?rest_route=%2Fwp%2Fv2%2Fcategories&post=1462"},{"taxonomy":"post_tag","embeddable":true,"href":"https:\/\/www.christianecuisine.com\/index.php?rest_route=%2Fwp%2Fv2%2Ftags&post=1462"}],"curies":[{"name":"wp","href":"https:\/\/api.w.org\/{rel}","templated":true}]}}