{"id":144,"date":"2010-01-17T16:46:45","date_gmt":"2010-01-17T15:46:45","guid":{"rendered":"http:\/\/www.christianecuisine.com\/?p=144"},"modified":"2010-01-24T22:57:31","modified_gmt":"2010-01-24T21:57:31","slug":"roti-de-boeuf-froid","status":"publish","type":"post","link":"https:\/\/www.christianecuisine.com\/?p=144","title":{"rendered":"R\u00d4TI DE BOEUF FROID"},"content":{"rendered":"<p><img loading=\"lazy\" decoding=\"async\" src=\"https:\/\/www.christianecuisine.com\/wp-content\/uploads\/2010\/01\/roti.png\" alt=\"roti\" title=\"roti\" width=\"560\" height=\"586\" class=\"alignnone size-full wp-image-177\" srcset=\"https:\/\/www.christianecuisine.com\/wp-content\/uploads\/2010\/01\/roti.png 560w, https:\/\/www.christianecuisine.com\/wp-content\/uploads\/2010\/01\/roti-286x300.png 286w\" sizes=\"(max-width: 560px) 100vw, 560px\" \/>Disposer les quelques tranches de r\u00f4ti de la veille sur un plat, quelques cornichons et une petite salade verte. De la mayonnaise maison pour les gourmands et voil\u00e0 un plat id\u00e9al pour un plateau t\u00e9l\u00e9 ou finir un week-end entre amis.<\/p>\n","protected":false},"excerpt":{"rendered":"<p>Disposer les quelques tranches de r\u00f4ti de la veille sur un plat, quelques cornichons et une petite salade verte. De la mayonnaise maison pour les gourmands et voil\u00e0 un plat id\u00e9al pour un plateau t\u00e9l\u00e9 ou finir un week-end entre amis.<\/p>\n","protected":false},"author":1,"featured_media":0,"comment_status":"open","ping_status":"open","sticky":false,"template":"","format":"standard","meta":{"footnotes":""},"categories":[26,7],"tags":[765,5,14,4,766,15,19,21,38,6,763,764,22],"class_list":["post-144","post","type-post","status-publish","format-standard","hentry","category-plat-de-resistance","category-viandes","tag-accompagnement","tag-blog-cuisine","tag-christiane","tag-christiane-cuisine","tag-condiments","tag-cuisine","tag-facile","tag-peu-chere","tag-plateau-tele","tag-recettes","tag-salade","tag-sans-cuisson","tag-simple"],"_links":{"self":[{"href":"https:\/\/www.christianecuisine.com\/index.php?rest_route=\/wp\/v2\/posts\/144"}],"collection":[{"href":"https:\/\/www.christianecuisine.com\/index.php?rest_route=\/wp\/v2\/posts"}],"about":[{"href":"https:\/\/www.christianecuisine.com\/index.php?rest_route=\/wp\/v2\/types\/post"}],"author":[{"embeddable":true,"href":"https:\/\/www.christianecuisine.com\/index.php?rest_route=\/wp\/v2\/users\/1"}],"replies":[{"embeddable":true,"href":"https:\/\/www.christianecuisine.com\/index.php?rest_route=%2Fwp%2Fv2%2Fcomments&post=144"}],"version-history":[{"count":8,"href":"https:\/\/www.christianecuisine.com\/index.php?rest_route=\/wp\/v2\/posts\/144\/revisions"}],"predecessor-version":[{"id":182,"href":"https:\/\/www.christianecuisine.com\/index.php?rest_route=\/wp\/v2\/posts\/144\/revisions\/182"}],"wp:attachment":[{"href":"https:\/\/www.christianecuisine.com\/index.php?rest_route=%2Fwp%2Fv2%2Fmedia&parent=144"}],"wp:term":[{"taxonomy":"category","embeddable":true,"href":"https:\/\/www.christianecuisine.com\/index.php?rest_route=%2Fwp%2Fv2%2Fcategories&post=144"},{"taxonomy":"post_tag","embeddable":true,"href":"https:\/\/www.christianecuisine.com\/index.php?rest_route=%2Fwp%2Fv2%2Ftags&post=144"}],"curies":[{"name":"wp","href":"https:\/\/api.w.org\/{rel}","templated":true}]}}