{"id":1407,"date":"2010-10-01T10:00:15","date_gmt":"2010-10-01T09:00:15","guid":{"rendered":"http:\/\/www.christianecuisine.com\/?p=1407"},"modified":"2010-09-22T15:36:37","modified_gmt":"2010-09-22T14:36:37","slug":"comment-ciseler-du-persil-plat-et-le-conserver","status":"publish","type":"post","link":"https:\/\/www.christianecuisine.com\/?p=1407","title":{"rendered":"COMMENT CISELER DU PERSIL PLAT ET LE CONSERVER"},"content":{"rendered":"<p><a href=\"https:\/\/www.christianecuisine.com\/wp-content\/uploads\/2010\/09\/pers.png\"><img loading=\"lazy\" decoding=\"async\" class=\"alignnone size-full wp-image-1408\" title=\"pers\" src=\"https:\/\/www.christianecuisine.com\/wp-content\/uploads\/2010\/09\/pers.png\" alt=\"\" width=\"560\" height=\"1020\" srcset=\"https:\/\/www.christianecuisine.com\/wp-content\/uploads\/2010\/09\/pers.png 560w, https:\/\/www.christianecuisine.com\/wp-content\/uploads\/2010\/09\/pers-164x300.png 164w\" sizes=\"(max-width: 560px) 100vw, 560px\" \/><\/a><\/p>\n<p>Tr\u00e8s tr\u00e8s simple.<\/p>\n<p>Il faut bien laver le persil et le s\u00e9cher.<\/p>\n<p>Pr\u00e9voir un petit verre.<\/p>\n<p>D\u00e9tacher les feuilles de persil de la queue et les mettre dans le verre.<\/p>\n<p>Ensuite, \u00a0couper le persil dans le verre, \u00a0\u00e0 l&rsquo;aide d&rsquo;une paire de ciseaux.<\/p>\n<p>C&rsquo;est tr\u00e8s rapide et le persil ne souffre pas, il garde sa jolie couleur.<\/p>\n<p>Pour le conserver jusqu&rsquo;au moment de l&rsquo;utilisation, il suffit de poser dessus un papier absorbant l\u00e9g\u00e8rement humide.<\/p>\n<p>Le garder \u00e0 temp\u00e9rature ambiante ou au r\u00e9frig\u00e9rateur.<\/p>\n","protected":false},"excerpt":{"rendered":"<p>Tr\u00e8s tr\u00e8s simple. Il faut bien laver le persil et le s\u00e9cher. Pr\u00e9voir un petit verre. D\u00e9tacher les feuilles de persil de la queue et les mettre dans le verre. Ensuite, \u00a0couper le persil dans le verre, \u00a0\u00e0 l&rsquo;aide d&rsquo;une paire de ciseaux. C&rsquo;est tr\u00e8s rapide et le persil ne souffre pas, il garde sa jolie couleur. Pour le conserver jusqu&rsquo;au moment de l&rsquo;utilisation, il suffit de poser dessus un papier absorbant l\u00e9g\u00e8rement humide. Le garder \u00e0 temp\u00e9rature ambiante ou au r\u00e9frig\u00e9rateur.<\/p>\n","protected":false},"author":1,"featured_media":0,"comment_status":"open","ping_status":"open","sticky":false,"template":"","format":"standard","meta":{"footnotes":""},"categories":[120],"tags":[765,5,14,4,766,15,20,19,21,40,764],"class_list":["post-1407","post","type-post","status-publish","format-standard","hentry","category-les-petites-astuces-de-christiane","tag-accompagnement","tag-blog-cuisine","tag-christiane","tag-christiane-cuisine","tag-condiments","tag-cuisine","tag-dietetique","tag-facile","tag-peu-chere","tag-rafraichissant","tag-sans-cuisson"],"_links":{"self":[{"href":"https:\/\/www.christianecuisine.com\/index.php?rest_route=\/wp\/v2\/posts\/1407"}],"collection":[{"href":"https:\/\/www.christianecuisine.com\/index.php?rest_route=\/wp\/v2\/posts"}],"about":[{"href":"https:\/\/www.christianecuisine.com\/index.php?rest_route=\/wp\/v2\/types\/post"}],"author":[{"embeddable":true,"href":"https:\/\/www.christianecuisine.com\/index.php?rest_route=\/wp\/v2\/users\/1"}],"replies":[{"embeddable":true,"href":"https:\/\/www.christianecuisine.com\/index.php?rest_route=%2Fwp%2Fv2%2Fcomments&post=1407"}],"version-history":[{"count":5,"href":"https:\/\/www.christianecuisine.com\/index.php?rest_route=\/wp\/v2\/posts\/1407\/revisions"}],"predecessor-version":[{"id":1413,"href":"https:\/\/www.christianecuisine.com\/index.php?rest_route=\/wp\/v2\/posts\/1407\/revisions\/1413"}],"wp:attachment":[{"href":"https:\/\/www.christianecuisine.com\/index.php?rest_route=%2Fwp%2Fv2%2Fmedia&parent=1407"}],"wp:term":[{"taxonomy":"category","embeddable":true,"href":"https:\/\/www.christianecuisine.com\/index.php?rest_route=%2Fwp%2Fv2%2Fcategories&post=1407"},{"taxonomy":"post_tag","embeddable":true,"href":"https:\/\/www.christianecuisine.com\/index.php?rest_route=%2Fwp%2Fv2%2Ftags&post=1407"}],"curies":[{"name":"wp","href":"https:\/\/api.w.org\/{rel}","templated":true}]}}