{"id":1385,"date":"2010-09-28T10:00:33","date_gmt":"2010-09-28T09:00:33","guid":{"rendered":"http:\/\/www.christianecuisine.com\/?p=1385"},"modified":"2010-09-22T15:01:01","modified_gmt":"2010-09-22T14:01:01","slug":"la-gremolata","status":"publish","type":"post","link":"https:\/\/www.christianecuisine.com\/?p=1385","title":{"rendered":"LA GREMOLATA"},"content":{"rendered":"<p><a href=\"https:\/\/www.christianecuisine.com\/wp-content\/uploads\/2010\/09\/gremolata.png\"><img loading=\"lazy\" decoding=\"async\" class=\"alignnone size-full wp-image-1386\" title=\"gremolata\" src=\"https:\/\/www.christianecuisine.com\/wp-content\/uploads\/2010\/09\/gremolata.png\" alt=\"\" width=\"560\" height=\"1020\" srcset=\"https:\/\/www.christianecuisine.com\/wp-content\/uploads\/2010\/09\/gremolata.png 560w, https:\/\/www.christianecuisine.com\/wp-content\/uploads\/2010\/09\/gremolata-164x300.png 164w\" sizes=\"(max-width: 560px) 100vw, 560px\" \/><\/a><\/p>\n<blockquote><p>1 gousse d&rsquo;ail<\/p>\n<p>Persil plat<\/p>\n<p>1 orange ou un citron non trait\u00e9<\/p><\/blockquote>\n<p>Ciseler le persil plat.<\/p>\n<p>Pr\u00e9lever le zeste du citron ou de l&rsquo;orange selon les go\u00fbts. On peut aussi mettre les deux fruits.<\/p>\n<p>Emincer les zestes.<\/p>\n<p>M\u00e9langer le persil cisel\u00e9 aux zestes.<\/p>\n<p>Hacher la gousse d&rsquo;ail et l&rsquo;ajouter au m\u00e9lange.<\/p>\n<p>Cette petite pr\u00e9paration est id\u00e9ale avec un osso bucco, des c\u00f4tes de veau, \u00a0de porc, de la volaille ou bien encore sur des tomates, \u00a0l\u00e9gumes \u00a0\u00bb vapeur \u00ab\u00a0&#8230;..<\/p>\n<p>Il faut go\u00fbter et les associations se feront d&rsquo;elles m\u00eames&#8230;&#8230;<\/p>\n","protected":false},"excerpt":{"rendered":"<p>1 gousse d&rsquo;ail Persil plat 1 orange ou un citron non trait\u00e9 Ciseler le persil plat. Pr\u00e9lever le zeste du citron ou de l&rsquo;orange selon les go\u00fbts. On peut aussi mettre les deux fruits. Emincer les zestes. M\u00e9langer le persil cisel\u00e9 aux zestes. Hacher la gousse d&rsquo;ail et l&rsquo;ajouter au m\u00e9lange. Cette petite pr\u00e9paration est id\u00e9ale avec un osso bucco, des c\u00f4tes de veau, \u00a0de porc, de la volaille ou bien encore sur des tomates, \u00a0l\u00e9gumes \u00a0\u00bb vapeur \u00ab\u00a0&#8230;.. Il faut go\u00fbter et les associations se feront d&rsquo;elles m\u00eames&#8230;&#8230;<\/p>\n","protected":false},"author":1,"featured_media":0,"comment_status":"open","ping_status":"open","sticky":false,"template":"","format":"standard","meta":{"footnotes":""},"categories":[31],"tags":[765,18,5,14,4,766,15,39,19,770,11,21,36,6,37,764,22],"class_list":["post-1385","post","type-post","status-publish","format-standard","hentry","category-condiments","tag-accompagnement","tag-agrumes","tag-blog-cuisine","tag-christiane","tag-christiane-cuisine","tag-condiments","tag-cuisine","tag-elegant","tag-facile","tag-fruits","tag-orange","tag-peu-chere","tag-recette-bistrot","tag-recettes","tag-repas-entre-amis","tag-sans-cuisson","tag-simple"],"_links":{"self":[{"href":"https:\/\/www.christianecuisine.com\/index.php?rest_route=\/wp\/v2\/posts\/1385"}],"collection":[{"href":"https:\/\/www.christianecuisine.com\/index.php?rest_route=\/wp\/v2\/posts"}],"about":[{"href":"https:\/\/www.christianecuisine.com\/index.php?rest_route=\/wp\/v2\/types\/post"}],"author":[{"embeddable":true,"href":"https:\/\/www.christianecuisine.com\/index.php?rest_route=\/wp\/v2\/users\/1"}],"replies":[{"embeddable":true,"href":"https:\/\/www.christianecuisine.com\/index.php?rest_route=%2Fwp%2Fv2%2Fcomments&post=1385"}],"version-history":[{"count":9,"href":"https:\/\/www.christianecuisine.com\/index.php?rest_route=\/wp\/v2\/posts\/1385\/revisions"}],"predecessor-version":[{"id":1395,"href":"https:\/\/www.christianecuisine.com\/index.php?rest_route=\/wp\/v2\/posts\/1385\/revisions\/1395"}],"wp:attachment":[{"href":"https:\/\/www.christianecuisine.com\/index.php?rest_route=%2Fwp%2Fv2%2Fmedia&parent=1385"}],"wp:term":[{"taxonomy":"category","embeddable":true,"href":"https:\/\/www.christianecuisine.com\/index.php?rest_route=%2Fwp%2Fv2%2Fcategories&post=1385"},{"taxonomy":"post_tag","embeddable":true,"href":"https:\/\/www.christianecuisine.com\/index.php?rest_route=%2Fwp%2Fv2%2Ftags&post=1385"}],"curies":[{"name":"wp","href":"https:\/\/api.w.org\/{rel}","templated":true}]}}