{"id":1353,"date":"2010-09-15T12:35:08","date_gmt":"2010-09-15T11:35:08","guid":{"rendered":"http:\/\/www.christianecuisine.com\/?p=1353"},"modified":"2010-09-15T12:35:08","modified_gmt":"2010-09-15T11:35:08","slug":"comment-conserver-les-fines-herbes","status":"publish","type":"post","link":"https:\/\/www.christianecuisine.com\/?p=1353","title":{"rendered":"COMMENT CONSERVER LES FINES HERBES"},"content":{"rendered":"<p><a href=\"https:\/\/www.christianecuisine.com\/wp-content\/uploads\/2010\/09\/herb.png\"><img loading=\"lazy\" decoding=\"async\" class=\"alignnone size-full wp-image-1354\" title=\"herb\" src=\"https:\/\/www.christianecuisine.com\/wp-content\/uploads\/2010\/09\/herb.png\" alt=\"\" width=\"560\" height=\"586\" srcset=\"https:\/\/www.christianecuisine.com\/wp-content\/uploads\/2010\/09\/herb.png 560w, https:\/\/www.christianecuisine.com\/wp-content\/uploads\/2010\/09\/herb-286x300.png 286w\" sizes=\"(max-width: 560px) 100vw, 560px\" \/><\/a><\/p>\n<p>COMMENT CONSERVER LES FINES HERBES ?<\/p>\n<p>Rien de plus simple, il suffit de bien les pr\u00e9parer :<\/p>\n<p>&#8211;\u00a0Les passer sous un filet d&rsquo;eau .<\/p>\n<p>&#8211; Les poser sur un papier absorbant .<\/p>\n<p>&#8211; Les recouvrir d&rsquo;un autre papier absorbant .<\/p>\n<p>&#8211; Bien humecter le tout .<\/p>\n<p>&#8211; Et les enfermer dans un papier aluminium, sans trop serrer .<\/p>\n<p>&#8211; Garder le tout dans le l\u00e9gumier du r\u00e9frig\u00e9rateur .<\/p>\n<p>Les herbes se gardent ainsi une semaine minimum. On peut aussi les ciseler , les enfermer dans un petit sac et les mettre au cong\u00e9lateur .<\/p>\n<p>Tr\u00e8s pratique au moment de l&rsquo;hiver pour \u00e9gayer vos assiettes&#8230;&#8230; Et vos papilles&#8230;&#8230;.<\/p>\n","protected":false},"excerpt":{"rendered":"<p>COMMENT CONSERVER LES FINES HERBES ? Rien de plus simple, il suffit de bien les pr\u00e9parer : &#8211;\u00a0Les passer sous un filet d&rsquo;eau . &#8211; Les poser sur un papier absorbant . &#8211; Les recouvrir d&rsquo;un autre papier absorbant . &#8211; Bien humecter le tout . &#8211; Et les enfermer dans un papier aluminium, sans trop serrer . &#8211; Garder le tout dans le l\u00e9gumier du r\u00e9frig\u00e9rateur . Les herbes se gardent ainsi une semaine minimum. On peut aussi les ciseler , les enfermer dans un petit sac et les mettre au cong\u00e9lateur . Tr\u00e8s pratique au moment de l&rsquo;hiver pour \u00e9gayer vos assiettes&#8230;&#8230; Et vos papilles&#8230;&#8230;.<\/p>\n","protected":false},"author":1,"featured_media":0,"comment_status":"open","ping_status":"open","sticky":false,"template":"","format":"standard","meta":{"footnotes":""},"categories":[29,120],"tags":[765,5,14,4,766,15,20,34,24,769,53,21,35,38,33,51,40,36,6,37,763,764,22,50,28],"class_list":["post-1353","post","type-post","status-publish","format-standard","hentry","category-assaisonnement","category-les-petites-astuces-de-christiane","tag-accompagnement","tag-blog-cuisine","tag-christiane","tag-christiane-cuisine","tag-condiments","tag-cuisine","tag-dietetique","tag-entree","tag-grillade","tag-legumes","tag-petits-legumes","tag-peu-chere","tag-plat","tag-plateau-tele","tag-poisson","tag-pomme-de-terre","tag-rafraichissant","tag-recette-bistrot","tag-recettes","tag-repas-entre-amis","tag-salade","tag-sans-cuisson","tag-simple","tag-vapeur","tag-vinaigrette"],"_links":{"self":[{"href":"https:\/\/www.christianecuisine.com\/index.php?rest_route=\/wp\/v2\/posts\/1353"}],"collection":[{"href":"https:\/\/www.christianecuisine.com\/index.php?rest_route=\/wp\/v2\/posts"}],"about":[{"href":"https:\/\/www.christianecuisine.com\/index.php?rest_route=\/wp\/v2\/types\/post"}],"author":[{"embeddable":true,"href":"https:\/\/www.christianecuisine.com\/index.php?rest_route=\/wp\/v2\/users\/1"}],"replies":[{"embeddable":true,"href":"https:\/\/www.christianecuisine.com\/index.php?rest_route=%2Fwp%2Fv2%2Fcomments&post=1353"}],"version-history":[{"count":9,"href":"https:\/\/www.christianecuisine.com\/index.php?rest_route=\/wp\/v2\/posts\/1353\/revisions"}],"predecessor-version":[{"id":1363,"href":"https:\/\/www.christianecuisine.com\/index.php?rest_route=\/wp\/v2\/posts\/1353\/revisions\/1363"}],"wp:attachment":[{"href":"https:\/\/www.christianecuisine.com\/index.php?rest_route=%2Fwp%2Fv2%2Fmedia&parent=1353"}],"wp:term":[{"taxonomy":"category","embeddable":true,"href":"https:\/\/www.christianecuisine.com\/index.php?rest_route=%2Fwp%2Fv2%2Fcategories&post=1353"},{"taxonomy":"post_tag","embeddable":true,"href":"https:\/\/www.christianecuisine.com\/index.php?rest_route=%2Fwp%2Fv2%2Ftags&post=1353"}],"curies":[{"name":"wp","href":"https:\/\/api.w.org\/{rel}","templated":true}]}}