{"id":1220,"date":"2010-06-17T14:07:00","date_gmt":"2010-06-17T13:07:00","guid":{"rendered":"http:\/\/www.christianecuisine.com\/?p=1220"},"modified":"2010-06-17T14:07:00","modified_gmt":"2010-06-17T13:07:00","slug":"bouquets-fleurs-du-jardin-et-feuilles-de-menthe","status":"publish","type":"post","link":"https:\/\/www.christianecuisine.com\/?p=1220","title":{"rendered":"BOUQUETS \u00a0\u00bb FLEURS DU JARDIN ET FEUILLES DE MENTHE \u00ab\u00a0"},"content":{"rendered":"<p><a href=\"https:\/\/www.christianecuisine.com\/wp-content\/uploads\/2010\/06\/fleurs2.png\"><img loading=\"lazy\" decoding=\"async\" class=\"alignnone size-full wp-image-1221\" title=\"fleurs2\" src=\"https:\/\/www.christianecuisine.com\/wp-content\/uploads\/2010\/06\/fleurs2.png\" alt=\"\" width=\"560\" height=\"586\" srcset=\"https:\/\/www.christianecuisine.com\/wp-content\/uploads\/2010\/06\/fleurs2.png 560w, https:\/\/www.christianecuisine.com\/wp-content\/uploads\/2010\/06\/fleurs2-286x300.png 286w\" sizes=\"(max-width: 560px) 100vw, 560px\" \/><\/a><\/p>\n<p>J&rsquo;ai beaucoup de chance, apr\u00e8s les fraises du jardin voici les fleurs de mon jardin.<\/p>\n<p>Une petite composition, de seringa m\u00e9lang\u00e9, avec quelques feuilles de menthe.<\/p>\n<p>Voici un petit bouquet pour un centre de table&#8230;..<\/p>\n<p>Les parfums se m\u00e9langent, c&rsquo;est agr\u00e9able et tr\u00e8s l\u00e9ger&#8230;&#8230;<\/p>\n<p>Soit un petit bouquet rond ou une branche de seringa avec quelques feuilles de menthe&#8230;..<\/p>\n<p>Tr\u00e8s facile \u00e0 faire, ce m\u00e9lange de fleurs tient quelques jours&#8230;&#8230;<\/p>\n","protected":false},"excerpt":{"rendered":"<p>J&rsquo;ai beaucoup de chance, apr\u00e8s les fraises du jardin voici les fleurs de mon jardin. Une petite composition, de seringa m\u00e9lang\u00e9, avec quelques feuilles de menthe. Voici un petit bouquet pour un centre de table&#8230;.. Les parfums se m\u00e9langent, c&rsquo;est agr\u00e9able et tr\u00e8s l\u00e9ger&#8230;&#8230; Soit un petit bouquet rond ou une branche de seringa avec quelques feuilles de menthe&#8230;.. Tr\u00e8s facile \u00e0 faire, ce m\u00e9lange de fleurs tient quelques jours&#8230;&#8230;<\/p>\n","protected":false},"author":1,"featured_media":0,"comment_status":"open","ping_status":"open","sticky":false,"template":"","format":"standard","meta":{"footnotes":""},"categories":[117],"tags":[765,5,14,4,39,21,37],"class_list":["post-1220","post","type-post","status-publish","format-standard","hentry","category-fleurs","tag-accompagnement","tag-blog-cuisine","tag-christiane","tag-christiane-cuisine","tag-elegant","tag-peu-chere","tag-repas-entre-amis"],"_links":{"self":[{"href":"https:\/\/www.christianecuisine.com\/index.php?rest_route=\/wp\/v2\/posts\/1220"}],"collection":[{"href":"https:\/\/www.christianecuisine.com\/index.php?rest_route=\/wp\/v2\/posts"}],"about":[{"href":"https:\/\/www.christianecuisine.com\/index.php?rest_route=\/wp\/v2\/types\/post"}],"author":[{"embeddable":true,"href":"https:\/\/www.christianecuisine.com\/index.php?rest_route=\/wp\/v2\/users\/1"}],"replies":[{"embeddable":true,"href":"https:\/\/www.christianecuisine.com\/index.php?rest_route=%2Fwp%2Fv2%2Fcomments&post=1220"}],"version-history":[{"count":5,"href":"https:\/\/www.christianecuisine.com\/index.php?rest_route=\/wp\/v2\/posts\/1220\/revisions"}],"predecessor-version":[{"id":1226,"href":"https:\/\/www.christianecuisine.com\/index.php?rest_route=\/wp\/v2\/posts\/1220\/revisions\/1226"}],"wp:attachment":[{"href":"https:\/\/www.christianecuisine.com\/index.php?rest_route=%2Fwp%2Fv2%2Fmedia&parent=1220"}],"wp:term":[{"taxonomy":"category","embeddable":true,"href":"https:\/\/www.christianecuisine.com\/index.php?rest_route=%2Fwp%2Fv2%2Fcategories&post=1220"},{"taxonomy":"post_tag","embeddable":true,"href":"https:\/\/www.christianecuisine.com\/index.php?rest_route=%2Fwp%2Fv2%2Ftags&post=1220"}],"curies":[{"name":"wp","href":"https:\/\/api.w.org\/{rel}","templated":true}]}}