{"id":1215,"date":"2010-06-16T19:25:26","date_gmt":"2010-06-16T18:25:26","guid":{"rendered":"http:\/\/www.christianecuisine.com\/?p=1215"},"modified":"2010-06-16T19:25:26","modified_gmt":"2010-06-16T18:25:26","slug":"les-fraises-du-jardin-2","status":"publish","type":"post","link":"https:\/\/www.christianecuisine.com\/?p=1215","title":{"rendered":"LES FRAISES DU JARDIN"},"content":{"rendered":"<p><a href=\"https:\/\/www.christianecuisine.com\/wp-content\/uploads\/2010\/06\/fraise01.png\"><img loading=\"lazy\" decoding=\"async\" class=\"alignnone size-full wp-image-1216\" title=\"fraise01\" src=\"https:\/\/www.christianecuisine.com\/wp-content\/uploads\/2010\/06\/fraise01.png\" alt=\"\" width=\"560\" height=\"1020\" srcset=\"https:\/\/www.christianecuisine.com\/wp-content\/uploads\/2010\/06\/fraise01.png 560w, https:\/\/www.christianecuisine.com\/wp-content\/uploads\/2010\/06\/fraise01-164x300.png 164w\" sizes=\"(max-width: 560px) 100vw, 560px\" \/><\/a><\/p>\n<p>Quelques fraises , un peu de sucre, \u00a0de la cr\u00e8me fra\u00eeche \u00e0 peine battue et \u00e0 peine sucr\u00e9e&#8230;&#8230;<\/p>\n<p>Et voil\u00e0 une fin de repas tout \u00e0 fait sympathique &#8230;&#8230;<\/p>\n<p>Profitons de ces superbes fruits car la saison est trop courte&#8230;&#8230; H\u00e9las!&#8230;&#8230;.<\/p>\n<p>Profitons de cette belle saison &#8230;&#8230;&#8230;<\/p>\n","protected":false},"excerpt":{"rendered":"<p>Quelques fraises , un peu de sucre, \u00a0de la cr\u00e8me fra\u00eeche \u00e0 peine battue et \u00e0 peine sucr\u00e9e&#8230;&#8230; Et voil\u00e0 une fin de repas tout \u00e0 fait sympathique &#8230;&#8230; Profitons de ces superbes fruits car la saison est trop courte&#8230;&#8230; H\u00e9las!&#8230;&#8230;. Profitons de cette belle saison &#8230;&#8230;&#8230;<\/p>\n","protected":false},"author":1,"featured_media":0,"comment_status":"open","ping_status":"open","sticky":false,"template":"","format":"standard","meta":{"footnotes":""},"categories":[41,55],"tags":[5,14,4,15,767,20,39,19,770,21,38,40,36,37,764,22],"class_list":["post-1215","post","type-post","status-publish","format-standard","hentry","category-dessert","category-fruits","tag-blog-cuisine","tag-christiane","tag-christiane-cuisine","tag-cuisine","tag-dessert","tag-dietetique","tag-elegant","tag-facile","tag-fruits","tag-peu-chere","tag-plateau-tele","tag-rafraichissant","tag-recette-bistrot","tag-repas-entre-amis","tag-sans-cuisson","tag-simple"],"_links":{"self":[{"href":"https:\/\/www.christianecuisine.com\/index.php?rest_route=\/wp\/v2\/posts\/1215"}],"collection":[{"href":"https:\/\/www.christianecuisine.com\/index.php?rest_route=\/wp\/v2\/posts"}],"about":[{"href":"https:\/\/www.christianecuisine.com\/index.php?rest_route=\/wp\/v2\/types\/post"}],"author":[{"embeddable":true,"href":"https:\/\/www.christianecuisine.com\/index.php?rest_route=\/wp\/v2\/users\/1"}],"replies":[{"embeddable":true,"href":"https:\/\/www.christianecuisine.com\/index.php?rest_route=%2Fwp%2Fv2%2Fcomments&post=1215"}],"version-history":[{"count":3,"href":"https:\/\/www.christianecuisine.com\/index.php?rest_route=\/wp\/v2\/posts\/1215\/revisions"}],"predecessor-version":[{"id":1219,"href":"https:\/\/www.christianecuisine.com\/index.php?rest_route=\/wp\/v2\/posts\/1215\/revisions\/1219"}],"wp:attachment":[{"href":"https:\/\/www.christianecuisine.com\/index.php?rest_route=%2Fwp%2Fv2%2Fmedia&parent=1215"}],"wp:term":[{"taxonomy":"category","embeddable":true,"href":"https:\/\/www.christianecuisine.com\/index.php?rest_route=%2Fwp%2Fv2%2Fcategories&post=1215"},{"taxonomy":"post_tag","embeddable":true,"href":"https:\/\/www.christianecuisine.com\/index.php?rest_route=%2Fwp%2Fv2%2Ftags&post=1215"}],"curies":[{"name":"wp","href":"https:\/\/api.w.org\/{rel}","templated":true}]}}