{"id":1189,"date":"2010-06-11T18:01:54","date_gmt":"2010-06-11T17:01:54","guid":{"rendered":"http:\/\/www.christianecuisine.com\/?p=1189"},"modified":"2010-06-11T18:01:54","modified_gmt":"2010-06-11T17:01:54","slug":"les-fraises-du-jardin","status":"publish","type":"post","link":"https:\/\/www.christianecuisine.com\/?p=1189","title":{"rendered":"LES FRAISES DU JARDIN"},"content":{"rendered":"<p><a href=\"https:\/\/www.christianecuisine.com\/wp-content\/uploads\/2010\/06\/fraises.png\"><img loading=\"lazy\" decoding=\"async\" class=\"alignnone size-full wp-image-1190\" title=\"fraises\" src=\"https:\/\/www.christianecuisine.com\/wp-content\/uploads\/2010\/06\/fraises.png\" alt=\"\" width=\"560\" height=\"1020\" srcset=\"https:\/\/www.christianecuisine.com\/wp-content\/uploads\/2010\/06\/fraises.png 560w, https:\/\/www.christianecuisine.com\/wp-content\/uploads\/2010\/06\/fraises-164x300.png 164w\" sizes=\"(max-width: 560px) 100vw, 560px\" \/><\/a><\/p>\n<p>Quel bonheur de pouvoir cueillir juste avant le repas, quelques fraises dans le jardin&#8230;.<\/p>\n<p>Il suffit de se baisser et choisir les plus color\u00e9es pour pouvoir d\u00e9guster cette reine de l&rsquo;\u00e9t\u00e9&#8230;..<\/p>\n<p>Et quelle chance ! pas de limaces gourmandes cette ann\u00e9e&#8230;&#8230;<\/p>\n<p>Nous allons pouvoir faire de d\u00e9licieuses recettes avec ce fruit d\u00e9licat&#8230;..<\/p>\n","protected":false},"excerpt":{"rendered":"<p>Quel bonheur de pouvoir cueillir juste avant le repas, quelques fraises dans le jardin&#8230;. Il suffit de se baisser et choisir les plus color\u00e9es pour pouvoir d\u00e9guster cette reine de l&rsquo;\u00e9t\u00e9&#8230;.. Et quelle chance ! pas de limaces gourmandes cette ann\u00e9e&#8230;&#8230; Nous allons pouvoir faire de d\u00e9licieuses recettes avec ce fruit d\u00e9licat&#8230;..<\/p>\n","protected":false},"author":1,"featured_media":0,"comment_status":"open","ping_status":"open","sticky":false,"template":"","format":"standard","meta":{"footnotes":""},"categories":[41,55],"tags":[5,14,4,15,767,20,39,19,770,21,38,40,36,6,37,22],"class_list":["post-1189","post","type-post","status-publish","format-standard","hentry","category-dessert","category-fruits","tag-blog-cuisine","tag-christiane","tag-christiane-cuisine","tag-cuisine","tag-dessert","tag-dietetique","tag-elegant","tag-facile","tag-fruits","tag-peu-chere","tag-plateau-tele","tag-rafraichissant","tag-recette-bistrot","tag-recettes","tag-repas-entre-amis","tag-simple"],"_links":{"self":[{"href":"https:\/\/www.christianecuisine.com\/index.php?rest_route=\/wp\/v2\/posts\/1189"}],"collection":[{"href":"https:\/\/www.christianecuisine.com\/index.php?rest_route=\/wp\/v2\/posts"}],"about":[{"href":"https:\/\/www.christianecuisine.com\/index.php?rest_route=\/wp\/v2\/types\/post"}],"author":[{"embeddable":true,"href":"https:\/\/www.christianecuisine.com\/index.php?rest_route=\/wp\/v2\/users\/1"}],"replies":[{"embeddable":true,"href":"https:\/\/www.christianecuisine.com\/index.php?rest_route=%2Fwp%2Fv2%2Fcomments&post=1189"}],"version-history":[{"count":3,"href":"https:\/\/www.christianecuisine.com\/index.php?rest_route=\/wp\/v2\/posts\/1189\/revisions"}],"predecessor-version":[{"id":1193,"href":"https:\/\/www.christianecuisine.com\/index.php?rest_route=\/wp\/v2\/posts\/1189\/revisions\/1193"}],"wp:attachment":[{"href":"https:\/\/www.christianecuisine.com\/index.php?rest_route=%2Fwp%2Fv2%2Fmedia&parent=1189"}],"wp:term":[{"taxonomy":"category","embeddable":true,"href":"https:\/\/www.christianecuisine.com\/index.php?rest_route=%2Fwp%2Fv2%2Fcategories&post=1189"},{"taxonomy":"post_tag","embeddable":true,"href":"https:\/\/www.christianecuisine.com\/index.php?rest_route=%2Fwp%2Fv2%2Ftags&post=1189"}],"curies":[{"name":"wp","href":"https:\/\/api.w.org\/{rel}","templated":true}]}}