{"id":1120,"date":"2010-06-03T19:02:35","date_gmt":"2010-06-03T18:02:35","guid":{"rendered":"http:\/\/www.christianecuisine.com\/?p=1120"},"modified":"2010-06-07T14:12:27","modified_gmt":"2010-06-07T13:12:27","slug":"le-pain-en-crete","status":"publish","type":"post","link":"https:\/\/www.christianecuisine.com\/?p=1120","title":{"rendered":"LE PAIN EN CRETE"},"content":{"rendered":"<p><a href=\"https:\/\/www.christianecuisine.com\/wp-content\/uploads\/2010\/06\/pains.png\"><img loading=\"lazy\" decoding=\"async\" class=\"alignnone size-full wp-image-1121\" title=\"pains\" src=\"https:\/\/www.christianecuisine.com\/wp-content\/uploads\/2010\/06\/pains.png\" alt=\"\" width=\"560\" height=\"586\" srcset=\"https:\/\/www.christianecuisine.com\/wp-content\/uploads\/2010\/06\/pains.png 560w, https:\/\/www.christianecuisine.com\/wp-content\/uploads\/2010\/06\/pains-286x300.png 286w\" sizes=\"(max-width: 560px) 100vw, 560px\" \/><\/a><\/p>\n<p>Chaque matin nous pouvions d\u00e9guster du pain, au c\u00e9r\u00e9ales, complet, au ma\u00efs, brioch\u00e9, aux olives, torsad\u00e9.<\/p>\n<p>Pain de campagne, pain portion ou bien baguette&#8230;&#8230;.<\/p>\n<p>Surprise et \u00e9tonnement, nous ne nous attendions pas \u00e0 d\u00e9couvrir des pains aussi frais et d\u00e9licieux.<\/p>\n<p>Ce f\u00fbt un vrai bonheur&#8230;..<\/p>\n<p>Vive la Cr\u00e8te&#8230;&#8230; Vive les vacances&#8230;&#8230;<\/p>\n","protected":false},"excerpt":{"rendered":"<p>Chaque matin nous pouvions d\u00e9guster du pain, au c\u00e9r\u00e9ales, complet, au ma\u00efs, brioch\u00e9, aux olives, torsad\u00e9. Pain de campagne, pain portion ou bien baguette&#8230;&#8230;. Surprise et \u00e9tonnement, nous ne nous attendions pas \u00e0 d\u00e9couvrir des pains aussi frais et d\u00e9licieux. Ce f\u00fbt un vrai bonheur&#8230;.. Vive la Cr\u00e8te&#8230;&#8230; Vive les vacances&#8230;&#8230;<\/p>\n","protected":false},"author":1,"featured_media":0,"comment_status":"open","ping_status":"open","sticky":false,"template":"","format":"standard","meta":{"footnotes":""},"categories":[1,116,52],"tags":[765,5,4,15,21,38,36,6,37,22],"class_list":["post-1120","post","type-post","status-publish","format-standard","hentry","category-non-classe","category-pain","category-petit-dejeuner","tag-accompagnement","tag-blog-cuisine","tag-christiane-cuisine","tag-cuisine","tag-peu-chere","tag-plateau-tele","tag-recette-bistrot","tag-recettes","tag-repas-entre-amis","tag-simple"],"_links":{"self":[{"href":"https:\/\/www.christianecuisine.com\/index.php?rest_route=\/wp\/v2\/posts\/1120"}],"collection":[{"href":"https:\/\/www.christianecuisine.com\/index.php?rest_route=\/wp\/v2\/posts"}],"about":[{"href":"https:\/\/www.christianecuisine.com\/index.php?rest_route=\/wp\/v2\/types\/post"}],"author":[{"embeddable":true,"href":"https:\/\/www.christianecuisine.com\/index.php?rest_route=\/wp\/v2\/users\/1"}],"replies":[{"embeddable":true,"href":"https:\/\/www.christianecuisine.com\/index.php?rest_route=%2Fwp%2Fv2%2Fcomments&post=1120"}],"version-history":[{"count":11,"href":"https:\/\/www.christianecuisine.com\/index.php?rest_route=\/wp\/v2\/posts\/1120\/revisions"}],"predecessor-version":[{"id":1144,"href":"https:\/\/www.christianecuisine.com\/index.php?rest_route=\/wp\/v2\/posts\/1120\/revisions\/1144"}],"wp:attachment":[{"href":"https:\/\/www.christianecuisine.com\/index.php?rest_route=%2Fwp%2Fv2%2Fmedia&parent=1120"}],"wp:term":[{"taxonomy":"category","embeddable":true,"href":"https:\/\/www.christianecuisine.com\/index.php?rest_route=%2Fwp%2Fv2%2Fcategories&post=1120"},{"taxonomy":"post_tag","embeddable":true,"href":"https:\/\/www.christianecuisine.com\/index.php?rest_route=%2Fwp%2Fv2%2Ftags&post=1120"}],"curies":[{"name":"wp","href":"https:\/\/api.w.org\/{rel}","templated":true}]}}