{"id":1106,"date":"2010-05-21T11:35:35","date_gmt":"2010-05-21T10:35:35","guid":{"rendered":"http:\/\/www.christianecuisine.com\/?p=1106"},"modified":"2010-05-21T11:35:35","modified_gmt":"2010-05-21T10:35:35","slug":"vive-les-vacances","status":"publish","type":"post","link":"https:\/\/www.christianecuisine.com\/?p=1106","title":{"rendered":"VIVE LES VACANCES"},"content":{"rendered":"<p><a href=\"https:\/\/www.christianecuisine.com\/wp-content\/uploads\/2010\/05\/crete.png\"><img loading=\"lazy\" decoding=\"async\" class=\"alignnone size-full wp-image-1110\" title=\"crete\" src=\"https:\/\/www.christianecuisine.com\/wp-content\/uploads\/2010\/05\/crete.png\" alt=\"\" width=\"560\" height=\"586\" srcset=\"https:\/\/www.christianecuisine.com\/wp-content\/uploads\/2010\/05\/crete.png 560w, https:\/\/www.christianecuisine.com\/wp-content\/uploads\/2010\/05\/crete-286x300.png 286w\" sizes=\"(max-width: 560px) 100vw, 560px\" \/><\/a><\/p>\n<p>Bonjour \u00e0 toutes et \u00e0 tous<\/p>\n<p>Je m&rsquo;absente une dizaine de jours pour aller prendre un peu de soleil en Cr\u00e8te.<\/p>\n<p>A tr\u00e8s bient\u00f4t avec de nouvelles recettes &#8230;..<\/p>\n<p>\u00a0\u00bb \u00a0LE BON REGIME CRETOIS \u00a0 \u00ab\u00a0<\/p>\n","protected":false},"excerpt":{"rendered":"<p>Bonjour \u00e0 toutes et \u00e0 tous Je m&rsquo;absente une dizaine de jours pour aller prendre un peu de soleil en Cr\u00e8te. A tr\u00e8s bient\u00f4t avec de nouvelles recettes &#8230;.. \u00a0\u00bb \u00a0LE BON REGIME CRETOIS \u00a0 \u00ab\u00a0<\/p>\n","protected":false},"author":1,"featured_media":0,"comment_status":"open","ping_status":"open","sticky":false,"template":"","format":"standard","meta":{"footnotes":""},"categories":[3],"tags":[114,15,115,113],"class_list":["post-1106","post","type-post","status-publish","format-standard","hentry","category-news","tag-crete","tag-cuisine","tag-regime-cretois","tag-vacances"],"_links":{"self":[{"href":"https:\/\/www.christianecuisine.com\/index.php?rest_route=\/wp\/v2\/posts\/1106"}],"collection":[{"href":"https:\/\/www.christianecuisine.com\/index.php?rest_route=\/wp\/v2\/posts"}],"about":[{"href":"https:\/\/www.christianecuisine.com\/index.php?rest_route=\/wp\/v2\/types\/post"}],"author":[{"embeddable":true,"href":"https:\/\/www.christianecuisine.com\/index.php?rest_route=\/wp\/v2\/users\/1"}],"replies":[{"embeddable":true,"href":"https:\/\/www.christianecuisine.com\/index.php?rest_route=%2Fwp%2Fv2%2Fcomments&post=1106"}],"version-history":[{"count":6,"href":"https:\/\/www.christianecuisine.com\/index.php?rest_route=\/wp\/v2\/posts\/1106\/revisions"}],"predecessor-version":[{"id":1113,"href":"https:\/\/www.christianecuisine.com\/index.php?rest_route=\/wp\/v2\/posts\/1106\/revisions\/1113"}],"wp:attachment":[{"href":"https:\/\/www.christianecuisine.com\/index.php?rest_route=%2Fwp%2Fv2%2Fmedia&parent=1106"}],"wp:term":[{"taxonomy":"category","embeddable":true,"href":"https:\/\/www.christianecuisine.com\/index.php?rest_route=%2Fwp%2Fv2%2Fcategories&post=1106"},{"taxonomy":"post_tag","embeddable":true,"href":"https:\/\/www.christianecuisine.com\/index.php?rest_route=%2Fwp%2Fv2%2Ftags&post=1106"}],"curies":[{"name":"wp","href":"https:\/\/api.w.org\/{rel}","templated":true}]}}