{"id":1010,"date":"2010-05-09T06:20:31","date_gmt":"2010-05-09T05:20:31","guid":{"rendered":"http:\/\/www.christianecuisine.com\/?p=1010"},"modified":"2010-05-09T06:20:31","modified_gmt":"2010-05-09T05:20:31","slug":"mon-arme-fatale","status":"publish","type":"post","link":"https:\/\/www.christianecuisine.com\/?p=1010","title":{"rendered":"MON ARME FATALE&#8230;&#8230;&#8230;"},"content":{"rendered":"<p><img loading=\"lazy\" decoding=\"async\" class=\"alignnone size-full wp-image-1011\" title=\"velo\" src=\"https:\/\/www.christianecuisine.com\/wp-content\/uploads\/2010\/05\/velo.png\" alt=\"velo\" width=\"560\" height=\"1020\" srcset=\"https:\/\/www.christianecuisine.com\/wp-content\/uploads\/2010\/05\/velo.png 560w, https:\/\/www.christianecuisine.com\/wp-content\/uploads\/2010\/05\/velo-164x300.png 164w\" sizes=\"(max-width: 560px) 100vw, 560px\" \/><\/p>\n<p>Apr\u00e8s les jolies conserves du P\u00e9rigord&#8230;&#8230;. Un peu de sport&#8230;&#8230;..<\/p>\n<p>Je suis accroc \u00e0 mon v\u00e9lo elliptique ( achet\u00e9 chez Decathlon )&#8230;. J&rsquo;ai commenc\u00e9 en janvier 2010, au d\u00e9but c&rsquo;est tr\u00e8s difficile, je restais 5 \u00e0 6 minutes force 1&#8230;.. en le faisant 5 fois par semaine, j&rsquo;ai augment\u00e9 tout doucement d&rsquo;une minute par jour.<\/p>\n<p>Et quand je le sentais et que je le pouvais, je passais directement \u00e0 15 minutes et puis au fil des jours et en \u00e9tant tr\u00e8s r\u00e9guli\u00e8re je suis aujourd&rsquo;hui \u00e0 force 5, et ce pendant 1 heure, ce qui correspond \u00e0 10 km &#8230;&#8230; Je suis tr\u00e8s fi\u00e8re, mais j&rsquo;ai quelques astuces pour r\u00e9sister.<\/p>\n<p>Ma fille ch\u00e9rie m&rsquo;a offert un IPOD et j&rsquo;\u00e9coute mes morceaux favoris&#8230;. Ensuite je mets des gants de sport car je m&rsquo;\u00e9tais fa\u00eete des ampoules, il faut aussi \u00eatre bien chauss\u00e9e et ne pas \u00eatre g\u00ean\u00e9e par les v\u00eatements&#8230;.<\/p>\n<p>Donc 5 fois par semaine, apr\u00e8s mon petit d\u00e9jeuner, je monte sur ma monture pr\u00e9f\u00e9r\u00e9e&#8230;..<\/p>\n<p>Et apr\u00e8s une bonne douche, on peut d\u00e9placer des montagnes. C&rsquo;est g\u00e9nial&#8230;&#8230;.<\/p>\n<p>Bon courage \u00e0 toutes et accrochez-vous&#8230;&#8230;.<\/p>\n","protected":false},"excerpt":{"rendered":"<p>Apr\u00e8s les jolies conserves du P\u00e9rigord&#8230;&#8230;. Un peu de sport&#8230;&#8230;.. Je suis accroc \u00e0 mon v\u00e9lo elliptique ( achet\u00e9 chez Decathlon )&#8230;. J&rsquo;ai commenc\u00e9 en janvier 2010, au d\u00e9but c&rsquo;est tr\u00e8s difficile, je restais 5 \u00e0 6 minutes force 1&#8230;.. en le faisant 5 fois par semaine, j&rsquo;ai augment\u00e9 tout doucement d&rsquo;une minute par jour. Et quand je le sentais et que je le pouvais, je passais directement \u00e0 15 minutes et puis au fil des jours et en \u00e9tant tr\u00e8s r\u00e9guli\u00e8re je suis aujourd&rsquo;hui \u00e0 force 5, et ce pendant 1 heure, ce qui correspond \u00e0 10 km &#8230;&#8230; Je suis tr\u00e8s fi\u00e8re, mais j&rsquo;ai quelques astuces pour r\u00e9sister. Ma fille ch\u00e9rie m&rsquo;a offert un IPOD et j&rsquo;\u00e9coute mes morceaux favoris&#8230;. Ensuite je mets des gants de sport car je m&rsquo;\u00e9tais fa\u00eete des ampoules, il faut aussi \u00eatre bien chauss\u00e9e et ne pas \u00eatre g\u00ean\u00e9e par les v\u00eatements&#8230;. Donc 5 fois par semaine, apr\u00e8s mon petit d\u00e9jeuner, je monte sur ma monture pr\u00e9f\u00e9r\u00e9e&#8230;.. Et apr\u00e8s une bonne douche, on peut d\u00e9placer des montagnes. C&rsquo;est g\u00e9nial&#8230;&#8230;. Bon courage \u00e0 toutes et accrochez-vous&#8230;&#8230;.<\/p>\n","protected":false},"author":1,"featured_media":0,"comment_status":"open","ping_status":"open","sticky":false,"template":"","format":"standard","meta":{"footnotes":""},"categories":[101,100],"tags":[765,5,14,4,19],"class_list":["post-1010","post","type-post","status-publish","format-standard","hentry","category-gym","category-sport","tag-accompagnement","tag-blog-cuisine","tag-christiane","tag-christiane-cuisine","tag-facile"],"_links":{"self":[{"href":"https:\/\/www.christianecuisine.com\/index.php?rest_route=\/wp\/v2\/posts\/1010"}],"collection":[{"href":"https:\/\/www.christianecuisine.com\/index.php?rest_route=\/wp\/v2\/posts"}],"about":[{"href":"https:\/\/www.christianecuisine.com\/index.php?rest_route=\/wp\/v2\/types\/post"}],"author":[{"embeddable":true,"href":"https:\/\/www.christianecuisine.com\/index.php?rest_route=\/wp\/v2\/users\/1"}],"replies":[{"embeddable":true,"href":"https:\/\/www.christianecuisine.com\/index.php?rest_route=%2Fwp%2Fv2%2Fcomments&post=1010"}],"version-history":[{"count":14,"href":"https:\/\/www.christianecuisine.com\/index.php?rest_route=\/wp\/v2\/posts\/1010\/revisions"}],"predecessor-version":[{"id":1026,"href":"https:\/\/www.christianecuisine.com\/index.php?rest_route=\/wp\/v2\/posts\/1010\/revisions\/1026"}],"wp:attachment":[{"href":"https:\/\/www.christianecuisine.com\/index.php?rest_route=%2Fwp%2Fv2%2Fmedia&parent=1010"}],"wp:term":[{"taxonomy":"category","embeddable":true,"href":"https:\/\/www.christianecuisine.com\/index.php?rest_route=%2Fwp%2Fv2%2Fcategories&post=1010"},{"taxonomy":"post_tag","embeddable":true,"href":"https:\/\/www.christianecuisine.com\/index.php?rest_route=%2Fwp%2Fv2%2Ftags&post=1010"}],"curies":[{"name":"wp","href":"https:\/\/api.w.org\/{rel}","templated":true}]}}